{"id":1001,"date":"2024-06-11T04:14:35","date_gmt":"2024-06-11T02:14:35","guid":{"rendered":"https:\/\/periodicolarepublica.com\/?p=1001"},"modified":"2024-06-11T04:16:53","modified_gmt":"2024-06-11T02:16:53","slug":"vicepresidenta-raquel-pena-entrega-el-remozado-club-gug-en-santiago","status":"publish","type":"post","link":"https:\/\/periodicolarepublica.com\/index.php\/2024\/06\/11\/vicepresidenta-raquel-pena-entrega-el-remozado-club-gug-en-santiago\/","title":{"rendered":"Vicepresidenta Raquel Pe\u00f1a entrega el remozado club GUG en Santiago"},"content":{"rendered":"<p style=\"text-align: left;\">El Gobierno de Abinader devuelve el brillo a la instalaci\u00f3n tras 20 a\u00f1os de abandono.<\/p>\n<p><img loading=\"lazy\" decoding=\"async\" class=\"alignnone size-medium wp-image-1002\" src=\"https:\/\/periodicolarepublica.com\/wp-content\/uploads\/2024\/06\/WhatsApp-Image-2024-06-10-at-19.54.23-1-300x200.jpeg\" alt=\"\" width=\"300\" height=\"200\" srcset=\"https:\/\/periodicolarepublica.com\/wp-content\/uploads\/2024\/06\/WhatsApp-Image-2024-06-10-at-19.54.23-1-300x200.jpeg?v=1718072062 300w, https:\/\/periodicolarepublica.com\/wp-content\/uploads\/2024\/06\/WhatsApp-Image-2024-06-10-at-19.54.23-1-1024x682.jpeg?v=1718072062 1024w, https:\/\/periodicolarepublica.com\/wp-content\/uploads\/2024\/06\/WhatsApp-Image-2024-06-10-at-19.54.23-1-768x512.jpeg?v=1718072062 768w, https:\/\/periodicolarepublica.com\/wp-content\/uploads\/2024\/06\/WhatsApp-Image-2024-06-10-at-19.54.23-1-150x100.jpeg?v=1718072062 150w, https:\/\/periodicolarepublica.com\/wp-content\/uploads\/2024\/06\/WhatsApp-Image-2024-06-10-at-19.54.23-1-600x400.jpeg?v=1718072062 600w, https:\/\/periodicolarepublica.com\/wp-content\/uploads\/2024\/06\/WhatsApp-Image-2024-06-10-at-19.54.23-1-696x464.jpeg?v=1718072062 696w, https:\/\/periodicolarepublica.com\/wp-content\/uploads\/2024\/06\/WhatsApp-Image-2024-06-10-at-19.54.23-1-1068x712.jpeg?v=1718072062 1068w, https:\/\/periodicolarepublica.com\/wp-content\/uploads\/2024\/06\/WhatsApp-Image-2024-06-10-at-19.54.23-1.jpeg?v=1718072062 1280w\" sizes=\"auto, (max-width: 300px) 100vw, 300px\" \/><\/p>\n<p>La vicepresidenta de la Rep\u00fablica, Raquel Pe\u00f1a, junto al ministro de Deportes, Francisco Camacho, entreg\u00f3 el completamente remozado multiuso del Club Deportivo Gregorio Urbano Gilbert (GUG) del Ensanche Libertad de esta ciudad.<\/p>\n<p>&nbsp;<\/p>\n<p>En el acto de inauguraci\u00f3n estuvieron la gobernadora provincial, Rosa Mar\u00eda Santos; el alcalde de Santiago, Ulises Rodr\u00edguez; el senador de Santiago, Eduardo Estrella; el senador electo por esa provincia, Daniel Rivera; los viceministros de Deportes, Franklin De la Mota, Kennedy Vargas y Juan Vila Reynoso, el secretario general del Comit\u00e9 Ol\u00edmpico Dominicano, Luis Chanlatte, as\u00ed como el ex NBA Luis Felipe L\u00f3pez, presidente del club, y dirigentes deportivos de la provincia.<\/p>\n","protected":false},"excerpt":{"rendered":"<p>El Gobierno de Abinader devuelve el brillo a la instalaci\u00f3n tras 20 a\u00f1os de abandono. La vicepresidenta de la Rep\u00fablica, Raquel Pe\u00f1a, junto al ministro de Deportes, Francisco Camacho, entreg\u00f3 el completamente remozado multiuso del Club Deportivo Gregorio Urbano Gilbert (GUG) del Ensanche Libertad de esta ciudad. &nbsp; En el acto de inauguraci\u00f3n estuvieron la [&hellip;]<\/p>\n","protected":false},"author":6,"featured_media":1002,"comment_status":"open","ping_status":"open","sticky":false,"template":"","format":"standard","meta":{"om_disable_all_campaigns":false,"_monsterinsights_skip_tracking":false,"_monsterinsights_sitenote_active":false,"_monsterinsights_sitenote_note":"","_monsterinsights_sitenote_category":0,"footnotes":""},"categories":[1],"tags":[],"class_list":{"0":"post-1001","1":"post","2":"type-post","3":"status-publish","4":"format-standard","5":"has-post-thumbnail","7":"category-nacionales"},"aioseo_notices":[],"_links":{"self":[{"href":"https:\/\/periodicolarepublica.com\/index.php\/wp-json\/wp\/v2\/posts\/1001","targetHints":{"allow":["GET"]}}],"collection":[{"href":"https:\/\/periodicolarepublica.com\/index.php\/wp-json\/wp\/v2\/posts"}],"about":[{"href":"https:\/\/periodicolarepublica.com\/index.php\/wp-json\/wp\/v2\/types\/post"}],"author":[{"embeddable":true,"href":"https:\/\/periodicolarepublica.com\/index.php\/wp-json\/wp\/v2\/users\/6"}],"replies":[{"embeddable":true,"href":"https:\/\/periodicolarepublica.com\/index.php\/wp-json\/wp\/v2\/comments?post=1001"}],"version-history":[{"count":1,"href":"https:\/\/periodicolarepublica.com\/index.php\/wp-json\/wp\/v2\/posts\/1001\/revisions"}],"predecessor-version":[{"id":1003,"href":"https:\/\/periodicolarepublica.com\/index.php\/wp-json\/wp\/v2\/posts\/1001\/revisions\/1003"}],"wp:featuredmedia":[{"embeddable":true,"href":"https:\/\/periodicolarepublica.com\/index.php\/wp-json\/wp\/v2\/media\/1002"}],"wp:attachment":[{"href":"https:\/\/periodicolarepublica.com\/index.php\/wp-json\/wp\/v2\/media?parent=1001"}],"wp:term":[{"taxonomy":"category","embeddable":true,"href":"https:\/\/periodicolarepublica.com\/index.php\/wp-json\/wp\/v2\/categories?post=1001"},{"taxonomy":"post_tag","embeddable":true,"href":"https:\/\/periodicolarepublica.com\/index.php\/wp-json\/wp\/v2\/tags?post=1001"}],"curies":[{"name":"wp","href":"https:\/\/api.w.org\/{rel}","templated":true}]}}