{"id":1004,"date":"2024-06-11T06:17:39","date_gmt":"2024-06-11T04:17:39","guid":{"rendered":"https:\/\/periodicolarepublica.com\/?p=1004"},"modified":"2024-06-11T06:17:39","modified_gmt":"2024-06-11T04:17:39","slug":"alamece-reconoce-al-dr-juan-oscar-polanco-cirineo-como-alumno-meritorio-en-postgrado-de-cirugia-estetica-facial-y-corporal","status":"publish","type":"post","link":"https:\/\/periodicolarepublica.com\/index.php\/2024\/06\/11\/alamece-reconoce-al-dr-juan-oscar-polanco-cirineo-como-alumno-meritorio-en-postgrado-de-cirugia-estetica-facial-y-corporal\/","title":{"rendered":"ALAMECE reconoce al Dr. Juan \u00d3scar Polanco Cirineo, como alumno meritorio en postgrado de Cirug\u00eda Est\u00e9tica Facial y Corporal\u00a0"},"content":{"rendered":"<p style=\"text-align: left;\">La Academia Latinoamericana de medicina y Cirug\u00eda Est\u00e9tica (ALAMECE ) en su promoci\u00f3n de graduandos, destaca con honores al Dominicano Dr. juan \u00d3scar Polanco Cirineo, como un alumno meritorio en el primer postgrado internacional en especializaci\u00f3n de cirug\u00eda est\u00e9tica facial y corporal, con sede en Brasil y que cont\u00f3 con el apoyo de otros pa\u00edses como Colombia y Per\u00fa.<\/p>\n<p><img loading=\"lazy\" decoding=\"async\" class=\"alignnone size-medium wp-image-1005\" src=\"https:\/\/periodicolarepublica.com\/wp-content\/uploads\/2024\/06\/IMG-20240611-WA0000-300x200.jpg\" alt=\"\" width=\"300\" height=\"200\" srcset=\"https:\/\/periodicolarepublica.com\/wp-content\/uploads\/2024\/06\/IMG-20240611-WA0000-300x200.jpg?v=1718079412 300w, https:\/\/periodicolarepublica.com\/wp-content\/uploads\/2024\/06\/IMG-20240611-WA0000-1024x683.jpg?v=1718079412 1024w, https:\/\/periodicolarepublica.com\/wp-content\/uploads\/2024\/06\/IMG-20240611-WA0000-768x512.jpg?v=1718079412 768w, https:\/\/periodicolarepublica.com\/wp-content\/uploads\/2024\/06\/IMG-20240611-WA0000-150x100.jpg?v=1718079412 150w, https:\/\/periodicolarepublica.com\/wp-content\/uploads\/2024\/06\/IMG-20240611-WA0000-600x400.jpg?v=1718079412 600w, https:\/\/periodicolarepublica.com\/wp-content\/uploads\/2024\/06\/IMG-20240611-WA0000-696x464.jpg?v=1718079412 696w, https:\/\/periodicolarepublica.com\/wp-content\/uploads\/2024\/06\/IMG-20240611-WA0000-1068x712.jpg?v=1718079412 1068w, https:\/\/periodicolarepublica.com\/wp-content\/uploads\/2024\/06\/IMG-20240611-WA0000.jpg?v=1718079412 1128w\" sizes=\"auto, (max-width: 300px) 100vw, 300px\" \/><\/p>\n<p>Cabe destacar que el Dr es un eminente especialista en cirug\u00eda est\u00e9tica graduado en M\u00e9xico, que asumi\u00f3 este reto para ampliar sus conocimientos con m\u00e1s de 17 a\u00f1os de experiencia en el \u00e1rea y m\u00e1s de 10 mil pacientes operados exitosamente.<\/p>\n<p>El Dr. Juan \u00d3scar Polanco Cirineo, fue reconocido en \u00e9sta academia, como el mejor y m\u00e1s adiestrado de los participantes, donde sobresalieron adem\u00e1s alumnos de Bolivia, M\u00e9xico, Per\u00fa y Colombia, el cual, enorgullece que ha puesto la bandera nacional en alto en tierras extranjeras, demostrando que en Rep\u00fablica Dominicana, hay calidad suprema en el \u00e1rea y poniendo en alto la cirug\u00eda est\u00e9tica a nivel mundial.<\/p>\n","protected":false},"excerpt":{"rendered":"<p>La Academia Latinoamericana de medicina y Cirug\u00eda Est\u00e9tica (ALAMECE ) en su promoci\u00f3n de graduandos, destaca con honores al Dominicano Dr. juan \u00d3scar Polanco Cirineo, como un alumno meritorio en el primer postgrado internacional en especializaci\u00f3n de cirug\u00eda est\u00e9tica facial y corporal, con sede en Brasil y que cont\u00f3 con el apoyo de otros pa\u00edses [&hellip;]<\/p>\n","protected":false},"author":6,"featured_media":1005,"comment_status":"open","ping_status":"open","sticky":false,"template":"","format":"standard","meta":{"om_disable_all_campaigns":false,"_monsterinsights_skip_tracking":false,"_monsterinsights_sitenote_active":false,"_monsterinsights_sitenote_note":"","_monsterinsights_sitenote_category":0,"footnotes":""},"categories":[1],"tags":[],"class_list":{"0":"post-1004","1":"post","2":"type-post","3":"status-publish","4":"format-standard","5":"has-post-thumbnail","7":"category-nacionales"},"aioseo_notices":[],"_links":{"self":[{"href":"https:\/\/periodicolarepublica.com\/index.php\/wp-json\/wp\/v2\/posts\/1004","targetHints":{"allow":["GET"]}}],"collection":[{"href":"https:\/\/periodicolarepublica.com\/index.php\/wp-json\/wp\/v2\/posts"}],"about":[{"href":"https:\/\/periodicolarepublica.com\/index.php\/wp-json\/wp\/v2\/types\/post"}],"author":[{"embeddable":true,"href":"https:\/\/periodicolarepublica.com\/index.php\/wp-json\/wp\/v2\/users\/6"}],"replies":[{"embeddable":true,"href":"https:\/\/periodicolarepublica.com\/index.php\/wp-json\/wp\/v2\/comments?post=1004"}],"version-history":[{"count":1,"href":"https:\/\/periodicolarepublica.com\/index.php\/wp-json\/wp\/v2\/posts\/1004\/revisions"}],"predecessor-version":[{"id":1006,"href":"https:\/\/periodicolarepublica.com\/index.php\/wp-json\/wp\/v2\/posts\/1004\/revisions\/1006"}],"wp:featuredmedia":[{"embeddable":true,"href":"https:\/\/periodicolarepublica.com\/index.php\/wp-json\/wp\/v2\/media\/1005"}],"wp:attachment":[{"href":"https:\/\/periodicolarepublica.com\/index.php\/wp-json\/wp\/v2\/media?parent=1004"}],"wp:term":[{"taxonomy":"category","embeddable":true,"href":"https:\/\/periodicolarepublica.com\/index.php\/wp-json\/wp\/v2\/categories?post=1004"},{"taxonomy":"post_tag","embeddable":true,"href":"https:\/\/periodicolarepublica.com\/index.php\/wp-json\/wp\/v2\/tags?post=1004"}],"curies":[{"name":"wp","href":"https:\/\/api.w.org\/{rel}","templated":true}]}}