{"id":1007,"date":"2024-06-11T06:21:14","date_gmt":"2024-06-11T04:21:14","guid":{"rendered":"https:\/\/periodicolarepublica.com\/?p=1007"},"modified":"2024-06-11T06:21:14","modified_gmt":"2024-06-11T04:21:14","slug":"alcaldia-del-dn-abre-inscripciones-de-formacion-tecnico-profesional-en-centro-futuro","status":"publish","type":"post","link":"https:\/\/periodicolarepublica.com\/index.php\/2024\/06\/11\/alcaldia-del-dn-abre-inscripciones-de-formacion-tecnico-profesional-en-centro-futuro\/","title":{"rendered":"Alcald\u00eda del DN abre inscripciones de formaci\u00f3n t\u00e9cnico profesional en Centro Futuro*"},"content":{"rendered":"<p>Los cursos gratuitos son impartidos en colaboraci\u00f3n con Cincinnatus Institute, Infotep e Inaguja<\/p>\n<blockquote><p><img loading=\"lazy\" decoding=\"async\" class=\"alignnone size-medium wp-image-1008\" src=\"https:\/\/periodicolarepublica.com\/wp-content\/uploads\/2024\/06\/IMG-20240611-WA0001-300x194.jpg\" alt=\"\" width=\"300\" height=\"194\" srcset=\"https:\/\/periodicolarepublica.com\/wp-content\/uploads\/2024\/06\/IMG-20240611-WA0001-300x194.jpg?v=1718079635 300w, https:\/\/periodicolarepublica.com\/wp-content\/uploads\/2024\/06\/IMG-20240611-WA0001-1024x661.jpg?v=1718079635 1024w, https:\/\/periodicolarepublica.com\/wp-content\/uploads\/2024\/06\/IMG-20240611-WA0001-768x496.jpg?v=1718079635 768w, https:\/\/periodicolarepublica.com\/wp-content\/uploads\/2024\/06\/IMG-20240611-WA0001-1536x992.jpg?v=1718079635 1536w, https:\/\/periodicolarepublica.com\/wp-content\/uploads\/2024\/06\/IMG-20240611-WA0001-150x97.jpg?v=1718079635 150w, https:\/\/periodicolarepublica.com\/wp-content\/uploads\/2024\/06\/IMG-20240611-WA0001-600x387.jpg?v=1718079635 600w, https:\/\/periodicolarepublica.com\/wp-content\/uploads\/2024\/06\/IMG-20240611-WA0001-696x449.jpg?v=1718079635 696w, https:\/\/periodicolarepublica.com\/wp-content\/uploads\/2024\/06\/IMG-20240611-WA0001-1392x899.jpg?v=1718079635 1392w, https:\/\/periodicolarepublica.com\/wp-content\/uploads\/2024\/06\/IMG-20240611-WA0001-1068x690.jpg?v=1718079635 1068w, https:\/\/periodicolarepublica.com\/wp-content\/uploads\/2024\/06\/IMG-20240611-WA0001.jpg?v=1718079635 1600w\" sizes=\"auto, (max-width: 300px) 100vw, 300px\" \/><\/p><\/blockquote>\n<p>La Alcald\u00eda del Distrito Nacional anunci\u00f3 la apertura de inscripciones para los cursos de \u00abCentro Futuro\u00bb, un programa gratuito dise\u00f1ado para impulsar el desarrollo profesional y t\u00e9cnico de los j\u00f3venes en colaboraci\u00f3n con Infotep, Inaguja, Cincinnatus Institute y Fundaci\u00f3n Altice.<\/p>\n<p>La alcaldesa Carolina Mej\u00eda asumi\u00f3 y se comprometi\u00f3 a abrir el centro este a\u00f1o. En cumplimiento de esta promesa, la alcald\u00eda abri\u00f3 las inscripciones para los cursos del programa.<\/p>\n<p>El Instituto Nacional de Formaci\u00f3n T\u00e9cnica (Infotep) ofrece cursos en \u00e1reas esenciales para el desarrollo profesional, como Manejo de Paquete de Oficina y Belleza, que incluye las \u00faltimas tendencias y t\u00e9cnicas de maquillaje y belleza, as\u00ed como Electricidad, capacitando en el montaje, ajuste y reparaci\u00f3n de m\u00e1quinas y motores el\u00e9ctricos, conforme a las normas nacionales.<\/p>\n<p>Por su parte, Cincinnatus Institute imparte cursos en \u00e1reas emergentes y t\u00e9cnicas, como Inteligencia Artificial, Desarrollo de Software, Control de Calidad, Administraci\u00f3n de Proyectos Tecnol\u00f3gicos y DevOps. Estos cursos est\u00e1n dirigidos a estudiantes en su \u00faltimo a\u00f1o de secundaria y requieren un curr\u00edculum vitae actualizado, una copia de la c\u00e9dula y haber cursado el curso de Nivelaci\u00f3n Acad\u00e9mica.<\/p>\n<p>El Instituto Nacional de la Aguja (Inaguja) ofrece cursos enfocados en la industria textil y la gesti\u00f3n administrativa, incluyendo formaci\u00f3n en Operador de M\u00e1quina y Costurero Dom\u00e9stico. Adem\u00e1s, se ofrece un Diplomado en Gesti\u00f3n Administrativa para el Emprendimiento, que capacita en la gesti\u00f3n y administraci\u00f3n efectiva de una Mipyme.<\/p>\n<p>Las inscripciones para todos estos cursos est\u00e1n abiertas para j\u00f3venes a partir de los 16 a\u00f1os. Los interesados pueden inscribirse presentando una copia de su c\u00e9dula y dos fotos tama\u00f1o 2&#215;2. Para m\u00e1s informaci\u00f3n, pueden visitar el centro ubicado en Av. Nicol\u00e1s de Ovando, casi esquina Ortega y Gasset, o comunicarse a trav\u00e9s de los tel\u00e9fonos 809-535-1181 Ext. 4400 o del correo centro.futuro@adn.gob.do.<\/p>\n<p>Centro Futuro es la ampliaci\u00f3n del proyecto Futuro de Esperanza, que busca garantizar a los j\u00f3venes oportunidades de estudiar y capacitarse para enfrentar los desaf\u00edos de esta era.<\/p>\n","protected":false},"excerpt":{"rendered":"<p>Los cursos gratuitos son impartidos en colaboraci\u00f3n con Cincinnatus Institute, Infotep e Inaguja La Alcald\u00eda del Distrito Nacional anunci\u00f3 la apertura de inscripciones para los cursos de \u00abCentro Futuro\u00bb, un programa gratuito dise\u00f1ado para impulsar el desarrollo profesional y t\u00e9cnico de los j\u00f3venes en colaboraci\u00f3n con Infotep, Inaguja, Cincinnatus Institute y Fundaci\u00f3n Altice. La alcaldesa [&hellip;]<\/p>\n","protected":false},"author":6,"featured_media":1008,"comment_status":"open","ping_status":"open","sticky":false,"template":"","format":"standard","meta":{"om_disable_all_campaigns":false,"_monsterinsights_skip_tracking":false,"_monsterinsights_sitenote_active":false,"_monsterinsights_sitenote_note":"","_monsterinsights_sitenote_category":0,"footnotes":""},"categories":[1],"tags":[],"class_list":{"0":"post-1007","1":"post","2":"type-post","3":"status-publish","4":"format-standard","5":"has-post-thumbnail","7":"category-nacionales"},"aioseo_notices":[],"_links":{"self":[{"href":"https:\/\/periodicolarepublica.com\/index.php\/wp-json\/wp\/v2\/posts\/1007","targetHints":{"allow":["GET"]}}],"collection":[{"href":"https:\/\/periodicolarepublica.com\/index.php\/wp-json\/wp\/v2\/posts"}],"about":[{"href":"https:\/\/periodicolarepublica.com\/index.php\/wp-json\/wp\/v2\/types\/post"}],"author":[{"embeddable":true,"href":"https:\/\/periodicolarepublica.com\/index.php\/wp-json\/wp\/v2\/users\/6"}],"replies":[{"embeddable":true,"href":"https:\/\/periodicolarepublica.com\/index.php\/wp-json\/wp\/v2\/comments?post=1007"}],"version-history":[{"count":1,"href":"https:\/\/periodicolarepublica.com\/index.php\/wp-json\/wp\/v2\/posts\/1007\/revisions"}],"predecessor-version":[{"id":1009,"href":"https:\/\/periodicolarepublica.com\/index.php\/wp-json\/wp\/v2\/posts\/1007\/revisions\/1009"}],"wp:featuredmedia":[{"embeddable":true,"href":"https:\/\/periodicolarepublica.com\/index.php\/wp-json\/wp\/v2\/media\/1008"}],"wp:attachment":[{"href":"https:\/\/periodicolarepublica.com\/index.php\/wp-json\/wp\/v2\/media?parent=1007"}],"wp:term":[{"taxonomy":"category","embeddable":true,"href":"https:\/\/periodicolarepublica.com\/index.php\/wp-json\/wp\/v2\/categories?post=1007"},{"taxonomy":"post_tag","embeddable":true,"href":"https:\/\/periodicolarepublica.com\/index.php\/wp-json\/wp\/v2\/tags?post=1007"}],"curies":[{"name":"wp","href":"https:\/\/api.w.org\/{rel}","templated":true}]}}