{"id":1010,"date":"2024-06-11T14:29:46","date_gmt":"2024-06-11T12:29:46","guid":{"rendered":"https:\/\/periodicolarepublica.com\/?p=1010"},"modified":"2024-06-11T14:29:46","modified_gmt":"2024-06-11T12:29:46","slug":"iad-en-coordinacion-con-ministerio-de-agricultura-evalua-danos-provocados-por-lluvias-en-zonas-agricolas-del-cibao","status":"publish","type":"post","link":"https:\/\/periodicolarepublica.com\/index.php\/2024\/06\/11\/iad-en-coordinacion-con-ministerio-de-agricultura-evalua-danos-provocados-por-lluvias-en-zonas-agricolas-del-cibao\/","title":{"rendered":"IAD en coordinaci\u00f3n con Ministerio de Agricultura eval\u00faa da\u00f1os provocados por lluvias en zonas agr\u00edcolas del Cibao"},"content":{"rendered":"<p>El Instituto Agrario Dominicano (IAD), en coordinaci\u00f3n con el Ministerio de Agricultura, trabajaba este s\u00e1bado en la evaluaci\u00f3n de los da\u00f1os provocados por las fuertes lluvias de los \u00faltimos d\u00edas en las zonas Agr\u00edcolas del Cibao, declarada mediante decreto del presidente Luis Abinader \u201csituaci\u00f3n de desastre de car\u00e1cter regional\u201d.<\/p>\n<p><img loading=\"lazy\" decoding=\"async\" src=\"https:\/\/periodicolarepublica.com\/wp-content\/uploads\/2024\/06\/IMG-20240611-WA0002-225x300.jpg\" alt=\"\" width=\"225\" height=\"300\" \/><\/p>\n<p>Una nota informativa del Departamento de Comunicaciones del IAD precisa que el director general, agr\u00f3nomo Francisco Guillermo Garc\u00eda, participa en los recorridos de levantamiento, adem\u00e1s de una comisi\u00f3n del organismo encabezada por Porfirio Col\u00f3n Veras (Leo), encargado del Departamento de Producci\u00f3n, para un informe armonizado con el referido ministerio, a cargo del licenciado L\u00edmber Cruz, para brindar auxilio oficial a los damnificados.<\/p>\n","protected":false},"excerpt":{"rendered":"<p>El Instituto Agrario Dominicano (IAD), en coordinaci\u00f3n con el Ministerio de Agricultura, trabajaba este s\u00e1bado en la evaluaci\u00f3n de los da\u00f1os provocados por las fuertes lluvias de los \u00faltimos d\u00edas en las zonas Agr\u00edcolas del Cibao, declarada mediante decreto del presidente Luis Abinader \u201csituaci\u00f3n de desastre de car\u00e1cter regional\u201d. Una nota informativa del Departamento de [&hellip;]<\/p>\n","protected":false},"author":6,"featured_media":0,"comment_status":"open","ping_status":"open","sticky":false,"template":"","format":"standard","meta":{"om_disable_all_campaigns":false,"_monsterinsights_skip_tracking":false,"_monsterinsights_sitenote_active":false,"_monsterinsights_sitenote_note":"","_monsterinsights_sitenote_category":0,"footnotes":""},"categories":[1],"tags":[],"class_list":{"0":"post-1010","1":"post","2":"type-post","3":"status-publish","4":"format-standard","6":"category-nacionales"},"aioseo_notices":[],"_links":{"self":[{"href":"https:\/\/periodicolarepublica.com\/index.php\/wp-json\/wp\/v2\/posts\/1010","targetHints":{"allow":["GET"]}}],"collection":[{"href":"https:\/\/periodicolarepublica.com\/index.php\/wp-json\/wp\/v2\/posts"}],"about":[{"href":"https:\/\/periodicolarepublica.com\/index.php\/wp-json\/wp\/v2\/types\/post"}],"author":[{"embeddable":true,"href":"https:\/\/periodicolarepublica.com\/index.php\/wp-json\/wp\/v2\/users\/6"}],"replies":[{"embeddable":true,"href":"https:\/\/periodicolarepublica.com\/index.php\/wp-json\/wp\/v2\/comments?post=1010"}],"version-history":[{"count":2,"href":"https:\/\/periodicolarepublica.com\/index.php\/wp-json\/wp\/v2\/posts\/1010\/revisions"}],"predecessor-version":[{"id":1013,"href":"https:\/\/periodicolarepublica.com\/index.php\/wp-json\/wp\/v2\/posts\/1010\/revisions\/1013"}],"wp:attachment":[{"href":"https:\/\/periodicolarepublica.com\/index.php\/wp-json\/wp\/v2\/media?parent=1010"}],"wp:term":[{"taxonomy":"category","embeddable":true,"href":"https:\/\/periodicolarepublica.com\/index.php\/wp-json\/wp\/v2\/categories?post=1010"},{"taxonomy":"post_tag","embeddable":true,"href":"https:\/\/periodicolarepublica.com\/index.php\/wp-json\/wp\/v2\/tags?post=1010"}],"curies":[{"name":"wp","href":"https:\/\/api.w.org\/{rel}","templated":true}]}}