{"id":1015,"date":"2024-06-12T14:21:57","date_gmt":"2024-06-12T12:21:57","guid":{"rendered":"https:\/\/periodicolarepublica.com\/?p=1015"},"modified":"2024-06-12T14:21:57","modified_gmt":"2024-06-12T12:21:57","slug":"edenorte-y-alcaldia-firman-acuerdo-para-mejorar-iluminacion-en-mas-de-12-sectores","status":"publish","type":"post","link":"https:\/\/periodicolarepublica.com\/index.php\/2024\/06\/12\/edenorte-y-alcaldia-firman-acuerdo-para-mejorar-iluminacion-en-mas-de-12-sectores\/","title":{"rendered":"Edenorte y Alcald\u00eda firman acuerdo para mejorar iluminaci\u00f3n en m\u00e1s de 12 sectores"},"content":{"rendered":"\r\n<p><img loading=\"lazy\" decoding=\"async\" class=\"size-medium wp-image-1025 alignright\" src=\"https:\/\/periodicolarepublica.com\/wp-content\/uploads\/2024\/06\/20240612_082014-300x221.jpg\" alt=\"\" width=\"300\" height=\"221\" srcset=\"https:\/\/periodicolarepublica.com\/wp-content\/uploads\/2024\/06\/20240612_082014-300x221.jpg?v=1718194860 300w, https:\/\/periodicolarepublica.com\/wp-content\/uploads\/2024\/06\/20240612_082014-768x566.jpg?v=1718194860 768w, https:\/\/periodicolarepublica.com\/wp-content\/uploads\/2024\/06\/20240612_082014-150x111.jpg?v=1718194860 150w, https:\/\/periodicolarepublica.com\/wp-content\/uploads\/2024\/06\/20240612_082014-600x442.jpg?v=1718194860 600w, https:\/\/periodicolarepublica.com\/wp-content\/uploads\/2024\/06\/20240612_082014-696x513.jpg?v=1718194860 696w, https:\/\/periodicolarepublica.com\/wp-content\/uploads\/2024\/06\/20240612_082014.jpg?v=1718194860 916w\" sizes=\"auto, (max-width: 300px) 100vw, 300px\" \/>Ing. Andr\u00e9s Cuesto, Gerente General de Edenorte, y Ulises Rodr\u00edguez, Alcalde de Santiago, firmaron un acuerdo interinstitucional para la instalaci\u00f3n y mejora de la iluminaci\u00f3n p\u00fablica en m\u00e1s de 12 sectores de la ciudad.<br \/><br \/><br \/>SantiagoRD &#8211; En un acto realizado el d\u00eda de hoy, Andr\u00e9s Cuesto, Gerente General de la empresa de distribuci\u00f3n el\u00e9ctrica Edenorte, y Ulises Rodr\u00edguez, Alcalde de Santiago, suscribieron un acuerdo interinstitucional que permitir\u00e1 mejorar la iluminaci\u00f3n p\u00fablica en m\u00e1s de 12 sectores de la localidad. <br \/><br \/>Mediante este convenio, Edenorte y la Alcald\u00eda trabajar\u00e1n de manera conjunta en la instalaci\u00f3n de nuevas luminarias, as\u00ed como en la reparaci\u00f3n y mantenimiento de la infraestructura lum\u00ednica existente en diversos puntos de la ciudad. Esta iniciativa busca brindar mayor seguridad y visibilidad a los vecinos, contribuyendo a mejorar la calidad de vida de la poblaci\u00f3n. <br \/><br \/>\u00abEstamos muy complacidos de llevar a cabo esta alianza estrat\u00e9gica con la Alcald\u00eda, que nos permitir\u00e1 intervenir en m\u00e1s de una decena de sectores para fortalecer el alumbrado p\u00fablico\u00bb, expres\u00f3 Andr\u00e9s Cuesto. Por su parte, el Alcalde Ulises Rodr\u00edguez destac\u00f3 que \u00abeste acuerdo representa un importante paso hacia la mejora de la iluminaci\u00f3n en nuestra ciudad, beneficiando directamente a nuestros ciudadanos\u00bb. <br \/><br \/>Los trabajos comenzar\u00e1n en las pr\u00f3ximas semanas y se espera que la intervenci\u00f3n en los 12 sectores est\u00e9 completada en un plazo de 3 meses.<\/p>\r\n","protected":false},"excerpt":{"rendered":"<p>Ing. Andr\u00e9s Cuesto, Gerente General de Edenorte, y Ulises Rodr\u00edguez, Alcalde de Santiago, firmaron un acuerdo interinstitucional para la instalaci\u00f3n y mejora de la iluminaci\u00f3n p\u00fablica en m\u00e1s de 12 sectores de la ciudad. SantiagoRD &#8211; En un acto realizado el d\u00eda de hoy, Andr\u00e9s Cuesto, Gerente General de la empresa de distribuci\u00f3n el\u00e9ctrica Edenorte, [&hellip;]<\/p>\n","protected":false},"author":6,"featured_media":1025,"comment_status":"open","ping_status":"open","sticky":false,"template":"","format":"standard","meta":{"om_disable_all_campaigns":false,"_monsterinsights_skip_tracking":false,"_monsterinsights_sitenote_active":false,"_monsterinsights_sitenote_note":"","_monsterinsights_sitenote_category":0,"footnotes":""},"categories":[206],"tags":[240,238,239],"class_list":{"0":"post-1015","1":"post","2":"type-post","3":"status-publish","4":"format-standard","5":"has-post-thumbnail","7":"category-la-republica-del-cibao","8":"tag-andres-cuesto","9":"tag-edenorte","10":"tag-ulises-rodriguez"},"aioseo_notices":[],"_links":{"self":[{"href":"https:\/\/periodicolarepublica.com\/index.php\/wp-json\/wp\/v2\/posts\/1015","targetHints":{"allow":["GET"]}}],"collection":[{"href":"https:\/\/periodicolarepublica.com\/index.php\/wp-json\/wp\/v2\/posts"}],"about":[{"href":"https:\/\/periodicolarepublica.com\/index.php\/wp-json\/wp\/v2\/types\/post"}],"author":[{"embeddable":true,"href":"https:\/\/periodicolarepublica.com\/index.php\/wp-json\/wp\/v2\/users\/6"}],"replies":[{"embeddable":true,"href":"https:\/\/periodicolarepublica.com\/index.php\/wp-json\/wp\/v2\/comments?post=1015"}],"version-history":[{"count":2,"href":"https:\/\/periodicolarepublica.com\/index.php\/wp-json\/wp\/v2\/posts\/1015\/revisions"}],"predecessor-version":[{"id":1026,"href":"https:\/\/periodicolarepublica.com\/index.php\/wp-json\/wp\/v2\/posts\/1015\/revisions\/1026"}],"wp:featuredmedia":[{"embeddable":true,"href":"https:\/\/periodicolarepublica.com\/index.php\/wp-json\/wp\/v2\/media\/1025"}],"wp:attachment":[{"href":"https:\/\/periodicolarepublica.com\/index.php\/wp-json\/wp\/v2\/media?parent=1015"}],"wp:term":[{"taxonomy":"category","embeddable":true,"href":"https:\/\/periodicolarepublica.com\/index.php\/wp-json\/wp\/v2\/categories?post=1015"},{"taxonomy":"post_tag","embeddable":true,"href":"https:\/\/periodicolarepublica.com\/index.php\/wp-json\/wp\/v2\/tags?post=1015"}],"curies":[{"name":"wp","href":"https:\/\/api.w.org\/{rel}","templated":true}]}}