{"id":1019,"date":"2024-06-11T20:06:07","date_gmt":"2024-06-11T18:06:07","guid":{"rendered":"https:\/\/periodicolarepublica.com\/?p=1019"},"modified":"2024-06-11T20:06:07","modified_gmt":"2024-06-11T18:06:07","slug":"presidentes-el-salvador-dominicana-y-costa-rica-mejores-valorados-segun-cid-gallup","status":"publish","type":"post","link":"https:\/\/periodicolarepublica.com\/index.php\/2024\/06\/11\/presidentes-el-salvador-dominicana-y-costa-rica-mejores-valorados-segun-cid-gallup\/","title":{"rendered":"Presidentes El Salvador, Dominicana y Costa Rica mejores valorados segun CID GALLUP"},"content":{"rendered":"<p style=\"text-align: left;\">Seg\u00fan la \u00faltima encuesta realizada por CID Gallup, se han identificado a los tres presidentes mejor valorados de Am\u00e9rica, destacando su gesti\u00f3n en la regi\u00f3n.<\/p>\n<p><img loading=\"lazy\" decoding=\"async\" class=\"alignnone size-medium wp-image-1020\" src=\"https:\/\/periodicolarepublica.com\/wp-content\/uploads\/2024\/06\/Picsart_24-06-11_14-01-42-780-300x191.jpg\" alt=\"\" width=\"300\" height=\"191\" srcset=\"https:\/\/periodicolarepublica.com\/wp-content\/uploads\/2024\/06\/Picsart_24-06-11_14-01-42-780-300x191.jpg?v=1718129002 300w, https:\/\/periodicolarepublica.com\/wp-content\/uploads\/2024\/06\/Picsart_24-06-11_14-01-42-780-1024x651.jpg?v=1718129002 1024w, https:\/\/periodicolarepublica.com\/wp-content\/uploads\/2024\/06\/Picsart_24-06-11_14-01-42-780-768x488.jpg?v=1718129002 768w, https:\/\/periodicolarepublica.com\/wp-content\/uploads\/2024\/06\/Picsart_24-06-11_14-01-42-780-1536x976.jpg?v=1718129002 1536w, https:\/\/periodicolarepublica.com\/wp-content\/uploads\/2024\/06\/Picsart_24-06-11_14-01-42-780-2048x1301.jpg?v=1718129002 2048w, https:\/\/periodicolarepublica.com\/wp-content\/uploads\/2024\/06\/Picsart_24-06-11_14-01-42-780-150x95.jpg?v=1718129002 150w, https:\/\/periodicolarepublica.com\/wp-content\/uploads\/2024\/06\/Picsart_24-06-11_14-01-42-780-600x381.jpg?v=1718129002 600w, https:\/\/periodicolarepublica.com\/wp-content\/uploads\/2024\/06\/Picsart_24-06-11_14-01-42-780-696x442.jpg?v=1718129002 696w, https:\/\/periodicolarepublica.com\/wp-content\/uploads\/2024\/06\/Picsart_24-06-11_14-01-42-780-1392x884.jpg?v=1718129002 1392w, https:\/\/periodicolarepublica.com\/wp-content\/uploads\/2024\/06\/Picsart_24-06-11_14-01-42-780-1068x679.jpg?v=1718129002 1068w, https:\/\/periodicolarepublica.com\/wp-content\/uploads\/2024\/06\/Picsart_24-06-11_14-01-42-780-1920x1220.jpg?v=1718129002 1920w\" sizes=\"auto, (max-width: 300px) 100vw, 300px\" \/><\/p>\n<p style=\"text-align: left;\">En el primer lugar se encuentra Nayib Bukele, presidente de El Salvador, quien ha logrado captar la atenci\u00f3n de la poblaci\u00f3n con sus pol\u00edticas innovadoras y su enfoque en la seguridad y el desarrollo econ\u00f3mico, y su popularidad se refleja en las encuestas, donde obtuvo altos \u00edndices de aprobaci\u00f3n.<\/p>\n<p style=\"text-align: left;\">En segundo lugar se encuentra Luis Abinader, presidente de Rep\u00fablica Dominicana, quien ha destacado por su compromiso con la transparencia y la lucha contra la corrupci\u00f3n en su pa\u00eds. Abinader ha implementado medidas para fortalecer la econom\u00eda y mejorar la educaci\u00f3n, lo que le ha valido el reconocimiento de la poblaci\u00f3n y de organismos internacionales. Su gesti\u00f3n ha sido elogiada por su enfoque en el bienestar de los dominicanos y donde recientemente resulto ganador de los comicios electorales para un segundo mandato.<\/p>\n<p style=\"text-align: left;\">En tercer lugar se encuentra Rodrigo Ch\u00e1vez, presidente de Costa Rica, quien ha sido valorado por su liderazgo en temas ambientales y de sostenibilidad. Ch\u00e1vez ha promovido la protecci\u00f3n de los recursos naturales y la promoci\u00f3n del turismo responsable en su pa\u00eds. Su trabajo en favor del medio ambiente ha sido reconocido a nivel internacional y ha contribuido a mejorar la imagen de Costa Rica a nivel global.<\/p>\n<p style=\"text-align: left;\">Estos tres presidentes han logrado destacarse por su compromiso con el bienestar de sus ciudadanos y por su capacidad de gestionar de manera efectiva los desaf\u00edos que enfrentan en sus respectivos pa\u00edses. Su liderazgo y sus pol\u00edticas han sido valorados positivamente por la poblaci\u00f3n, lo que los posiciona como referentes en la regi\u00f3n.<\/p>\n","protected":false},"excerpt":{"rendered":"<p>Seg\u00fan la \u00faltima encuesta realizada por CID Gallup, se han identificado a los tres presidentes mejor valorados de Am\u00e9rica, destacando su gesti\u00f3n en la regi\u00f3n. En el primer lugar se encuentra Nayib Bukele, presidente de El Salvador, quien ha logrado captar la atenci\u00f3n de la poblaci\u00f3n con sus pol\u00edticas innovadoras y su enfoque en la [&hellip;]<\/p>\n","protected":false},"author":1,"featured_media":1020,"comment_status":"open","ping_status":"open","sticky":false,"template":"","format":"standard","meta":{"om_disable_all_campaigns":false,"_monsterinsights_skip_tracking":false,"_monsterinsights_sitenote_active":false,"_monsterinsights_sitenote_note":"","_monsterinsights_sitenote_category":0,"footnotes":""},"categories":[227],"tags":[236,237,85,235],"class_list":{"0":"post-1019","1":"post","2":"type-post","3":"status-publish","4":"format-standard","5":"has-post-thumbnail","7":"category-la-republica-internacional","8":"tag-bukele","9":"tag-costa-rica","10":"tag-luis-abinader","11":"tag-rodrigo-chavez"},"aioseo_notices":[],"_links":{"self":[{"href":"https:\/\/periodicolarepublica.com\/index.php\/wp-json\/wp\/v2\/posts\/1019","targetHints":{"allow":["GET"]}}],"collection":[{"href":"https:\/\/periodicolarepublica.com\/index.php\/wp-json\/wp\/v2\/posts"}],"about":[{"href":"https:\/\/periodicolarepublica.com\/index.php\/wp-json\/wp\/v2\/types\/post"}],"author":[{"embeddable":true,"href":"https:\/\/periodicolarepublica.com\/index.php\/wp-json\/wp\/v2\/users\/1"}],"replies":[{"embeddable":true,"href":"https:\/\/periodicolarepublica.com\/index.php\/wp-json\/wp\/v2\/comments?post=1019"}],"version-history":[{"count":1,"href":"https:\/\/periodicolarepublica.com\/index.php\/wp-json\/wp\/v2\/posts\/1019\/revisions"}],"predecessor-version":[{"id":1021,"href":"https:\/\/periodicolarepublica.com\/index.php\/wp-json\/wp\/v2\/posts\/1019\/revisions\/1021"}],"wp:featuredmedia":[{"embeddable":true,"href":"https:\/\/periodicolarepublica.com\/index.php\/wp-json\/wp\/v2\/media\/1020"}],"wp:attachment":[{"href":"https:\/\/periodicolarepublica.com\/index.php\/wp-json\/wp\/v2\/media?parent=1019"}],"wp:term":[{"taxonomy":"category","embeddable":true,"href":"https:\/\/periodicolarepublica.com\/index.php\/wp-json\/wp\/v2\/categories?post=1019"},{"taxonomy":"post_tag","embeddable":true,"href":"https:\/\/periodicolarepublica.com\/index.php\/wp-json\/wp\/v2\/tags?post=1019"}],"curies":[{"name":"wp","href":"https:\/\/api.w.org\/{rel}","templated":true}]}}