{"id":1023,"date":"2024-06-12T21:16:48","date_gmt":"2024-06-12T19:16:48","guid":{"rendered":"https:\/\/periodicolarepublica.com\/?p=1023"},"modified":"2024-06-12T21:16:48","modified_gmt":"2024-06-12T19:16:48","slug":"dr-victor-atallah-juramentado-como-miembro-del-consejo-nacional-de-educacion","status":"publish","type":"post","link":"https:\/\/periodicolarepublica.com\/index.php\/2024\/06\/12\/dr-victor-atallah-juramentado-como-miembro-del-consejo-nacional-de-educacion\/","title":{"rendered":"Dr. V\u00edctor Atallah Juramentado como Miembro del Consejo Nacional de Educaci\u00f3n"},"content":{"rendered":"\r\n<p><img loading=\"lazy\" decoding=\"async\" class=\"size-medium wp-image-1029 alignright\" src=\"https:\/\/periodicolarepublica.com\/wp-content\/uploads\/2024\/06\/IMG-20240612-WA0081-300x197.jpg\" alt=\"\" width=\"300\" height=\"197\" srcset=\"https:\/\/periodicolarepublica.com\/wp-content\/uploads\/2024\/06\/IMG-20240612-WA0081-300x197.jpg?v=1718219787 300w, https:\/\/periodicolarepublica.com\/wp-content\/uploads\/2024\/06\/IMG-20240612-WA0081-1024x672.jpg?v=1718219787 1024w, https:\/\/periodicolarepublica.com\/wp-content\/uploads\/2024\/06\/IMG-20240612-WA0081-768x504.jpg?v=1718219787 768w, https:\/\/periodicolarepublica.com\/wp-content\/uploads\/2024\/06\/IMG-20240612-WA0081-150x98.jpg?v=1718219787 150w, https:\/\/periodicolarepublica.com\/wp-content\/uploads\/2024\/06\/IMG-20240612-WA0081-600x394.jpg?v=1718219787 600w, https:\/\/periodicolarepublica.com\/wp-content\/uploads\/2024\/06\/IMG-20240612-WA0081-696x457.jpg?v=1718219787 696w, https:\/\/periodicolarepublica.com\/wp-content\/uploads\/2024\/06\/IMG-20240612-WA0081-1068x701.jpg?v=1718219787 1068w, https:\/\/periodicolarepublica.com\/wp-content\/uploads\/2024\/06\/IMG-20240612-WA0081.jpg?v=1718219787 1080w\" sizes=\"auto, (max-width: 300px) 100vw, 300px\" \/>Santo Domingo- El Ministro de Salud P\u00fablica, Dr. V\u00edctor Atallah, fue juramentado hoy como miembro del Consejo Nacional de Educaci\u00f3n (CNE) por el Ministro de Educaci\u00f3n, \u00c1ngel Hern\u00e1ndez. <br \/><br \/>El Dr. Atallah, quien es reconocido por su liderazgo y experiencia en el campo de la salud p\u00fablica, se une ahora a este importante organismo que tiene la responsabilidad de formular y supervisar las pol\u00edticas educativas a nivel nacional. <br \/><br \/>\u00abEstoy honrado de formar parte del Consejo Nacional de Educaci\u00f3n y poder aportar mi experiencia y conocimientos para fortalecer el sistema educativo de nuestro pa\u00eds\u00bb, afirm\u00f3 el Dr. Atallah tras su juramentaci\u00f3n. <br \/><br \/>Por su parte, el Ministro Hern\u00e1ndez destac\u00f3 la valiosa contribuci\u00f3n que el Dr. Atallah realizar\u00e1 al CNE: \u00abContar con profesionales de la talla del Dr. Atallah enriquecer\u00e1 sin duda las deliberaciones y decisiones del Consejo en beneficio de la educaci\u00f3n de nuestros j\u00f3venes\u00bb. <br \/><br \/>El Consejo Nacional de Educaci\u00f3n est\u00e1 integrado por representantes de diversos sectores de la sociedad y tiene como mandato principal asesorar al Ministerio de Educaci\u00f3n en la formulaci\u00f3n de pol\u00edticas, planes y programas educativos.<br \/><br \/><br \/><br \/><\/p>\r\n","protected":false},"excerpt":{"rendered":"<p>Santo Domingo- El Ministro de Salud P\u00fablica, Dr. V\u00edctor Atallah, fue juramentado hoy como miembro del Consejo Nacional de Educaci\u00f3n (CNE) por el Ministro de Educaci\u00f3n, \u00c1ngel Hern\u00e1ndez. El Dr. Atallah, quien es reconocido por su liderazgo y experiencia en el campo de la salud p\u00fablica, se une ahora a este importante organismo que tiene [&hellip;]<\/p>\n","protected":false},"author":6,"featured_media":1029,"comment_status":"open","ping_status":"open","sticky":false,"template":"","format":"standard","meta":{"om_disable_all_campaigns":false,"_monsterinsights_skip_tracking":false,"_monsterinsights_sitenote_active":false,"_monsterinsights_sitenote_note":"","_monsterinsights_sitenote_category":0,"footnotes":""},"categories":[1],"tags":[159],"class_list":{"0":"post-1023","1":"post","2":"type-post","3":"status-publish","4":"format-standard","5":"has-post-thumbnail","7":"category-nacionales","8":"tag-ministro-de-salud-publica-victor-atallah"},"aioseo_notices":[],"_links":{"self":[{"href":"https:\/\/periodicolarepublica.com\/index.php\/wp-json\/wp\/v2\/posts\/1023","targetHints":{"allow":["GET"]}}],"collection":[{"href":"https:\/\/periodicolarepublica.com\/index.php\/wp-json\/wp\/v2\/posts"}],"about":[{"href":"https:\/\/periodicolarepublica.com\/index.php\/wp-json\/wp\/v2\/types\/post"}],"author":[{"embeddable":true,"href":"https:\/\/periodicolarepublica.com\/index.php\/wp-json\/wp\/v2\/users\/6"}],"replies":[{"embeddable":true,"href":"https:\/\/periodicolarepublica.com\/index.php\/wp-json\/wp\/v2\/comments?post=1023"}],"version-history":[{"count":2,"href":"https:\/\/periodicolarepublica.com\/index.php\/wp-json\/wp\/v2\/posts\/1023\/revisions"}],"predecessor-version":[{"id":1030,"href":"https:\/\/periodicolarepublica.com\/index.php\/wp-json\/wp\/v2\/posts\/1023\/revisions\/1030"}],"wp:featuredmedia":[{"embeddable":true,"href":"https:\/\/periodicolarepublica.com\/index.php\/wp-json\/wp\/v2\/media\/1029"}],"wp:attachment":[{"href":"https:\/\/periodicolarepublica.com\/index.php\/wp-json\/wp\/v2\/media?parent=1023"}],"wp:term":[{"taxonomy":"category","embeddable":true,"href":"https:\/\/periodicolarepublica.com\/index.php\/wp-json\/wp\/v2\/categories?post=1023"},{"taxonomy":"post_tag","embeddable":true,"href":"https:\/\/periodicolarepublica.com\/index.php\/wp-json\/wp\/v2\/tags?post=1023"}],"curies":[{"name":"wp","href":"https:\/\/api.w.org\/{rel}","templated":true}]}}