{"id":1028,"date":"2024-06-15T14:50:51","date_gmt":"2024-06-15T12:50:51","guid":{"rendered":"https:\/\/periodicolarepublica.com\/?p=1028"},"modified":"2024-06-15T14:50:51","modified_gmt":"2024-06-15T12:50:51","slug":"el-ministro-de-salud-publica-dr-victor-atallah-lidera-la-celebracion-del-dia-mundial-del-donante-de-sangre","status":"publish","type":"post","link":"https:\/\/periodicolarepublica.com\/index.php\/2024\/06\/15\/el-ministro-de-salud-publica-dr-victor-atallah-lidera-la-celebracion-del-dia-mundial-del-donante-de-sangre\/","title":{"rendered":"El Ministro de Salud P\u00fablica, Dr. V\u00edctor Atallah, lidera la celebraci\u00f3n del D\u00eda Mundial del Donante de Sangre"},"content":{"rendered":"\r\n<p><img loading=\"lazy\" decoding=\"async\" class=\"size-medium wp-image-920 alignright\" src=\"https:\/\/periodicolarepublica.com\/wp-content\/uploads\/2024\/05\/IMG-20240528-WA0060-300x200.jpg\" alt=\"\" width=\"300\" height=\"200\" srcset=\"https:\/\/periodicolarepublica.com\/wp-content\/uploads\/2024\/05\/IMG-20240528-WA0060-300x200.jpg?v=1716909109 300w, https:\/\/periodicolarepublica.com\/wp-content\/uploads\/2024\/05\/IMG-20240528-WA0060-1024x683.jpg?v=1716909109 1024w, https:\/\/periodicolarepublica.com\/wp-content\/uploads\/2024\/05\/IMG-20240528-WA0060-768x512.jpg?v=1716909109 768w, https:\/\/periodicolarepublica.com\/wp-content\/uploads\/2024\/05\/IMG-20240528-WA0060-150x100.jpg?v=1716909109 150w, https:\/\/periodicolarepublica.com\/wp-content\/uploads\/2024\/05\/IMG-20240528-WA0060-600x400.jpg?v=1716909109 600w, https:\/\/periodicolarepublica.com\/wp-content\/uploads\/2024\/05\/IMG-20240528-WA0060-696x464.jpg?v=1716909109 696w, https:\/\/periodicolarepublica.com\/wp-content\/uploads\/2024\/05\/IMG-20240528-WA0060-1068x712.jpg?v=1716909109 1068w, https:\/\/periodicolarepublica.com\/wp-content\/uploads\/2024\/05\/IMG-20240528-WA0060.jpg?v=1716909109 1080w\" sizes=\"auto, (max-width: 300px) 100vw, 300px\" \/>Santo Domingo- El Ministro de Salud P\u00fablica, Dr. V\u00edctor Atallah, encabez\u00f3 las celebraciones por el D\u00eda Mundial del Donante de Sangre el pasado 14 de junio. <br \/><br \/>En el evento, el Dr. Atallah resalt\u00f3 la importancia de la donaci\u00f3n de sangre y reconoci\u00f3 la labor de los miles de donantes voluntarios que hacen posible tener un adecuado abastecimiento de este recurso vital. \u00abLa donaci\u00f3n de sangre es un acto solidario que salva vidas. Agradecemos a todos los ciudadanos que se han sumado a esta noble causa\u00bb, coment\u00f3 el Ministro. <br \/><br \/>Durante la jornada, se llevaron a cabo campa\u00f1as de sensibilizaci\u00f3n y captaci\u00f3n de nuevos donantes en hospitales y centros de salud a nivel nacional. Las autoridades sanitarias hicieron un llamado a la poblaci\u00f3n a seguir participando de esta iniciativa que permite garantizar el stock de sangre para atender las necesidades m\u00e9dicas.<\/p>\r\n","protected":false},"excerpt":{"rendered":"<p>Santo Domingo- El Ministro de Salud P\u00fablica, Dr. V\u00edctor Atallah, encabez\u00f3 las celebraciones por el D\u00eda Mundial del Donante de Sangre el pasado 14 de junio. En el evento, el Dr. Atallah resalt\u00f3 la importancia de la donaci\u00f3n de sangre y reconoci\u00f3 la labor de los miles de donantes voluntarios que hacen posible tener un [&hellip;]<\/p>\n","protected":false},"author":6,"featured_media":920,"comment_status":"open","ping_status":"open","sticky":false,"template":"","format":"standard","meta":{"om_disable_all_campaigns":false,"_monsterinsights_skip_tracking":false,"_monsterinsights_sitenote_active":false,"_monsterinsights_sitenote_note":"","_monsterinsights_sitenote_category":0,"footnotes":""},"categories":[1],"tags":[175,161],"class_list":{"0":"post-1028","1":"post","2":"type-post","3":"status-publish","4":"format-standard","5":"has-post-thumbnail","7":"category-nacionales","8":"tag-ministro-de-salud-publica","9":"tag-victor-atallah"},"aioseo_notices":[],"_links":{"self":[{"href":"https:\/\/periodicolarepublica.com\/index.php\/wp-json\/wp\/v2\/posts\/1028","targetHints":{"allow":["GET"]}}],"collection":[{"href":"https:\/\/periodicolarepublica.com\/index.php\/wp-json\/wp\/v2\/posts"}],"about":[{"href":"https:\/\/periodicolarepublica.com\/index.php\/wp-json\/wp\/v2\/types\/post"}],"author":[{"embeddable":true,"href":"https:\/\/periodicolarepublica.com\/index.php\/wp-json\/wp\/v2\/users\/6"}],"replies":[{"embeddable":true,"href":"https:\/\/periodicolarepublica.com\/index.php\/wp-json\/wp\/v2\/comments?post=1028"}],"version-history":[{"count":2,"href":"https:\/\/periodicolarepublica.com\/index.php\/wp-json\/wp\/v2\/posts\/1028\/revisions"}],"predecessor-version":[{"id":1039,"href":"https:\/\/periodicolarepublica.com\/index.php\/wp-json\/wp\/v2\/posts\/1028\/revisions\/1039"}],"wp:featuredmedia":[{"embeddable":true,"href":"https:\/\/periodicolarepublica.com\/index.php\/wp-json\/wp\/v2\/media\/920"}],"wp:attachment":[{"href":"https:\/\/periodicolarepublica.com\/index.php\/wp-json\/wp\/v2\/media?parent=1028"}],"wp:term":[{"taxonomy":"category","embeddable":true,"href":"https:\/\/periodicolarepublica.com\/index.php\/wp-json\/wp\/v2\/categories?post=1028"},{"taxonomy":"post_tag","embeddable":true,"href":"https:\/\/periodicolarepublica.com\/index.php\/wp-json\/wp\/v2\/tags?post=1028"}],"curies":[{"name":"wp","href":"https:\/\/api.w.org\/{rel}","templated":true}]}}