{"id":1031,"date":"2024-06-13T23:59:29","date_gmt":"2024-06-13T21:59:29","guid":{"rendered":"https:\/\/periodicolarepublica.com\/?p=1031"},"modified":"2024-06-13T23:59:29","modified_gmt":"2024-06-13T21:59:29","slug":"seguros-sura-reune-expertos-en-transformacion-de-clima","status":"publish","type":"post","link":"https:\/\/periodicolarepublica.com\/index.php\/2024\/06\/13\/seguros-sura-reune-expertos-en-transformacion-de-clima\/","title":{"rendered":"Seguros SURA re\u00fane expertos en transformaci\u00f3n de clima"},"content":{"rendered":"<p style=\"font-weight: 400;\">En su segunda edici\u00f3n y desde su gesti\u00f3n de riesgos y tendencias, SURA organiza la conferencia panel \u201cTransformaci\u00f3n del Clima y su Impacto en la Sociedad\u201d reuniendo a expertos e instituciones empresariales, gubernamentales y sin fines de lucro a debatir sobre los cambios climatol\u00f3gicos a nivel mundial para enfrentar juntos los desaf\u00edos del entorno, anticipando, transformando y creando valor a partir de los impactos que generan los seres humanos en la salud de las personas y el planeta.<\/p>\n<p style=\"font-weight: 400;\"><img loading=\"lazy\" decoding=\"async\" class=\"alignnone size-medium wp-image-1032\" src=\"https:\/\/periodicolarepublica.com\/wp-content\/uploads\/2024\/06\/PRINCIPAL-3-PANEL-1-Cambio-climatico-desde-empresariado-baja-res-300x200.jpg\" alt=\"\" width=\"300\" height=\"200\" srcset=\"https:\/\/periodicolarepublica.com\/wp-content\/uploads\/2024\/06\/PRINCIPAL-3-PANEL-1-Cambio-climatico-desde-empresariado-baja-res-300x200.jpg?v=1718315901 300w, https:\/\/periodicolarepublica.com\/wp-content\/uploads\/2024\/06\/PRINCIPAL-3-PANEL-1-Cambio-climatico-desde-empresariado-baja-res-1024x683.jpg?v=1718315901 1024w, https:\/\/periodicolarepublica.com\/wp-content\/uploads\/2024\/06\/PRINCIPAL-3-PANEL-1-Cambio-climatico-desde-empresariado-baja-res-768x512.jpg?v=1718315901 768w, https:\/\/periodicolarepublica.com\/wp-content\/uploads\/2024\/06\/PRINCIPAL-3-PANEL-1-Cambio-climatico-desde-empresariado-baja-res-1536x1024.jpg?v=1718315901 1536w, https:\/\/periodicolarepublica.com\/wp-content\/uploads\/2024\/06\/PRINCIPAL-3-PANEL-1-Cambio-climatico-desde-empresariado-baja-res-2048x1365.jpg?v=1718315901 2048w, https:\/\/periodicolarepublica.com\/wp-content\/uploads\/2024\/06\/PRINCIPAL-3-PANEL-1-Cambio-climatico-desde-empresariado-baja-res-150x100.jpg?v=1718315901 150w, https:\/\/periodicolarepublica.com\/wp-content\/uploads\/2024\/06\/PRINCIPAL-3-PANEL-1-Cambio-climatico-desde-empresariado-baja-res-600x400.jpg?v=1718315901 600w, https:\/\/periodicolarepublica.com\/wp-content\/uploads\/2024\/06\/PRINCIPAL-3-PANEL-1-Cambio-climatico-desde-empresariado-baja-res-696x464.jpg?v=1718315901 696w, https:\/\/periodicolarepublica.com\/wp-content\/uploads\/2024\/06\/PRINCIPAL-3-PANEL-1-Cambio-climatico-desde-empresariado-baja-res-1392x928.jpg?v=1718315901 1392w, https:\/\/periodicolarepublica.com\/wp-content\/uploads\/2024\/06\/PRINCIPAL-3-PANEL-1-Cambio-climatico-desde-empresariado-baja-res-1068x712.jpg?v=1718315901 1068w, https:\/\/periodicolarepublica.com\/wp-content\/uploads\/2024\/06\/PRINCIPAL-3-PANEL-1-Cambio-climatico-desde-empresariado-baja-res-1920x1280.jpg?v=1718315901 1920w\" sizes=\"auto, (max-width: 300px) 100vw, 300px\" \/><\/p>\n<p style=\"font-weight: 400;\">Entre los expertos presentes estaba John Morales, cient\u00edfico atmosf\u00e9rico y ambiental, quien convers\u00f3 sobre los Fen\u00f3menos clim\u00e1ticos, el Ni\u00f1o y la Ni\u00f1a: qu\u00e9 predomina hoy en Latinoam\u00e9rica. Luisa Vallejo, desde Colombia y experta en variabilidad clim\u00e1tica y riesgos f\u00edsicos del cambio clim\u00e1tico, se refiri\u00f3 a la Transformaci\u00f3n del clima y su impacto en la sociedad.<\/p>\n<p style=\"font-weight: 400;\">\n<p>&nbsp;<\/p>\n<p>&nbsp;<\/p>\n","protected":false},"excerpt":{"rendered":"<p>En su segunda edici\u00f3n y desde su gesti\u00f3n de riesgos y tendencias, SURA organiza la conferencia panel \u201cTransformaci\u00f3n del Clima y su Impacto en la Sociedad\u201d reuniendo a expertos e instituciones empresariales, gubernamentales y sin fines de lucro a debatir sobre los cambios climatol\u00f3gicos a nivel mundial para enfrentar juntos los desaf\u00edos del entorno, anticipando, [&hellip;]<\/p>\n","protected":false},"author":1,"featured_media":1032,"comment_status":"open","ping_status":"open","sticky":false,"template":"","format":"standard","meta":{"om_disable_all_campaigns":false,"_monsterinsights_skip_tracking":false,"_monsterinsights_sitenote_active":false,"_monsterinsights_sitenote_note":"","_monsterinsights_sitenote_category":0,"footnotes":""},"categories":[1],"tags":[241],"class_list":{"0":"post-1031","1":"post","2":"type-post","3":"status-publish","4":"format-standard","5":"has-post-thumbnail","7":"category-nacionales","8":"tag-seguros-sura"},"aioseo_notices":[],"_links":{"self":[{"href":"https:\/\/periodicolarepublica.com\/index.php\/wp-json\/wp\/v2\/posts\/1031","targetHints":{"allow":["GET"]}}],"collection":[{"href":"https:\/\/periodicolarepublica.com\/index.php\/wp-json\/wp\/v2\/posts"}],"about":[{"href":"https:\/\/periodicolarepublica.com\/index.php\/wp-json\/wp\/v2\/types\/post"}],"author":[{"embeddable":true,"href":"https:\/\/periodicolarepublica.com\/index.php\/wp-json\/wp\/v2\/users\/1"}],"replies":[{"embeddable":true,"href":"https:\/\/periodicolarepublica.com\/index.php\/wp-json\/wp\/v2\/comments?post=1031"}],"version-history":[{"count":1,"href":"https:\/\/periodicolarepublica.com\/index.php\/wp-json\/wp\/v2\/posts\/1031\/revisions"}],"predecessor-version":[{"id":1033,"href":"https:\/\/periodicolarepublica.com\/index.php\/wp-json\/wp\/v2\/posts\/1031\/revisions\/1033"}],"wp:featuredmedia":[{"embeddable":true,"href":"https:\/\/periodicolarepublica.com\/index.php\/wp-json\/wp\/v2\/media\/1032"}],"wp:attachment":[{"href":"https:\/\/periodicolarepublica.com\/index.php\/wp-json\/wp\/v2\/media?parent=1031"}],"wp:term":[{"taxonomy":"category","embeddable":true,"href":"https:\/\/periodicolarepublica.com\/index.php\/wp-json\/wp\/v2\/categories?post=1031"},{"taxonomy":"post_tag","embeddable":true,"href":"https:\/\/periodicolarepublica.com\/index.php\/wp-json\/wp\/v2\/tags?post=1031"}],"curies":[{"name":"wp","href":"https:\/\/api.w.org\/{rel}","templated":true}]}}