{"id":1034,"date":"2024-06-15T06:35:59","date_gmt":"2024-06-15T04:35:59","guid":{"rendered":"https:\/\/periodicolarepublica.com\/?p=1034"},"modified":"2024-06-15T06:35:59","modified_gmt":"2024-06-15T04:35:59","slug":"rd-participo-en-el-dialogo-intersectorial-sobre-proteccion-nna-en-costa-rica-y-xvii-reunion-de-gara","status":"publish","type":"post","link":"https:\/\/periodicolarepublica.com\/index.php\/2024\/06\/15\/rd-participo-en-el-dialogo-intersectorial-sobre-proteccion-nna-en-costa-rica-y-xvii-reunion-de-gara\/","title":{"rendered":"RD particip\u00f3 en el di\u00e1logo intersectorial sobre protecci\u00f3n NNA en Costa Rica y XVII Reuni\u00f3n de GARA"},"content":{"rendered":"<p>San Jos\u00e9, Costa Rica. &#8211; Rep\u00fablica Dominicana sigue aunando esfuerzos para lograr un turismo sostenible que garantice la protecci\u00f3n de ni\u00f1os, ni\u00f1as y adolescentes (NNA) en los destinos tur\u00edsticos.<\/p>\n<p><img loading=\"lazy\" decoding=\"async\" class=\"alignnone size-medium wp-image-1035\" src=\"https:\/\/periodicolarepublica.com\/wp-content\/uploads\/2024\/06\/IMG-20240605-WA0165-300x200.jpg\" alt=\"\" width=\"300\" height=\"200\" srcset=\"https:\/\/periodicolarepublica.com\/wp-content\/uploads\/2024\/06\/IMG-20240605-WA0165-300x200.jpg?v=1718426148 300w, https:\/\/periodicolarepublica.com\/wp-content\/uploads\/2024\/06\/IMG-20240605-WA0165-1024x684.jpg?v=1718426148 1024w, https:\/\/periodicolarepublica.com\/wp-content\/uploads\/2024\/06\/IMG-20240605-WA0165-768x513.jpg?v=1718426148 768w, https:\/\/periodicolarepublica.com\/wp-content\/uploads\/2024\/06\/IMG-20240605-WA0165-1536x1025.jpg?v=1718426148 1536w, https:\/\/periodicolarepublica.com\/wp-content\/uploads\/2024\/06\/IMG-20240605-WA0165-150x100.jpg?v=1718426148 150w, https:\/\/periodicolarepublica.com\/wp-content\/uploads\/2024\/06\/IMG-20240605-WA0165-600x401.jpg?v=1718426148 600w, https:\/\/periodicolarepublica.com\/wp-content\/uploads\/2024\/06\/IMG-20240605-WA0165-696x465.jpg?v=1718426148 696w, https:\/\/periodicolarepublica.com\/wp-content\/uploads\/2024\/06\/IMG-20240605-WA0165-1392x929.jpg?v=1718426148 1392w, https:\/\/periodicolarepublica.com\/wp-content\/uploads\/2024\/06\/IMG-20240605-WA0165-1068x713.jpg?v=1718426148 1068w, https:\/\/periodicolarepublica.com\/wp-content\/uploads\/2024\/06\/IMG-20240605-WA0165.jpg?v=1718426148 1600w\" sizes=\"auto, (max-width: 300px) 100vw, 300px\" \/><\/p>\n<p>El Viceministerio de Gesti\u00f3n de Destinos en representaci\u00f3n del Ministerio de Turismo particip\u00f3 en el Di\u00e1logo Intersectorial de San Jos\u00e9 sobre la explotaci\u00f3n y abuso sexual de NNA, en el cual se abordan los desaf\u00edos, brechas y soluciones en el sector de viajes y turismo.<\/p>\n<p>La participaci\u00f3n de RD en el di\u00e1logo, encuentro regional dirigido por las m\u00e1ximas autoridades como el ministro de Turismo de Costa Rica, William Rodr\u00edguez L\u00f3pez, y la representante especial del secretario general de las Naciones Unidas sobre la Violencia contra la Ni\u00f1ez (UNSRSG), Najat Maala M&#8217;jid, se llev\u00f3 a cabo como parte de la agenda de trabajo internacional para los pa\u00edses miembros del GARA.<\/p>\n","protected":false},"excerpt":{"rendered":"<p>San Jos\u00e9, Costa Rica. &#8211; Rep\u00fablica Dominicana sigue aunando esfuerzos para lograr un turismo sostenible que garantice la protecci\u00f3n de ni\u00f1os, ni\u00f1as y adolescentes (NNA) en los destinos tur\u00edsticos. El Viceministerio de Gesti\u00f3n de Destinos en representaci\u00f3n del Ministerio de Turismo particip\u00f3 en el Di\u00e1logo Intersectorial de San Jos\u00e9 sobre la explotaci\u00f3n y abuso sexual [&hellip;]<\/p>\n","protected":false},"author":1,"featured_media":1035,"comment_status":"open","ping_status":"open","sticky":false,"template":"","format":"standard","meta":{"om_disable_all_campaigns":false,"_monsterinsights_skip_tracking":false,"_monsterinsights_sitenote_active":false,"_monsterinsights_sitenote_note":"","_monsterinsights_sitenote_category":0,"footnotes":""},"categories":[20],"tags":[],"class_list":{"0":"post-1034","1":"post","2":"type-post","3":"status-publish","4":"format-standard","5":"has-post-thumbnail","7":"category-turismo"},"aioseo_notices":[],"_links":{"self":[{"href":"https:\/\/periodicolarepublica.com\/index.php\/wp-json\/wp\/v2\/posts\/1034","targetHints":{"allow":["GET"]}}],"collection":[{"href":"https:\/\/periodicolarepublica.com\/index.php\/wp-json\/wp\/v2\/posts"}],"about":[{"href":"https:\/\/periodicolarepublica.com\/index.php\/wp-json\/wp\/v2\/types\/post"}],"author":[{"embeddable":true,"href":"https:\/\/periodicolarepublica.com\/index.php\/wp-json\/wp\/v2\/users\/1"}],"replies":[{"embeddable":true,"href":"https:\/\/periodicolarepublica.com\/index.php\/wp-json\/wp\/v2\/comments?post=1034"}],"version-history":[{"count":1,"href":"https:\/\/periodicolarepublica.com\/index.php\/wp-json\/wp\/v2\/posts\/1034\/revisions"}],"predecessor-version":[{"id":1036,"href":"https:\/\/periodicolarepublica.com\/index.php\/wp-json\/wp\/v2\/posts\/1034\/revisions\/1036"}],"wp:featuredmedia":[{"embeddable":true,"href":"https:\/\/periodicolarepublica.com\/index.php\/wp-json\/wp\/v2\/media\/1035"}],"wp:attachment":[{"href":"https:\/\/periodicolarepublica.com\/index.php\/wp-json\/wp\/v2\/media?parent=1034"}],"wp:term":[{"taxonomy":"category","embeddable":true,"href":"https:\/\/periodicolarepublica.com\/index.php\/wp-json\/wp\/v2\/categories?post=1034"},{"taxonomy":"post_tag","embeddable":true,"href":"https:\/\/periodicolarepublica.com\/index.php\/wp-json\/wp\/v2\/tags?post=1034"}],"curies":[{"name":"wp","href":"https:\/\/api.w.org\/{rel}","templated":true}]}}