{"id":1038,"date":"2024-06-17T00:54:27","date_gmt":"2024-06-16T22:54:27","guid":{"rendered":"https:\/\/periodicolarepublica.com\/?p=1038"},"modified":"2024-06-17T00:54:27","modified_gmt":"2024-06-16T22:54:27","slug":"club-las-charcas-organizo-festival-comunitario-mi-talento-comunitario-para-jovenes","status":"publish","type":"post","link":"https:\/\/periodicolarepublica.com\/index.php\/2024\/06\/17\/club-las-charcas-organizo-festival-comunitario-mi-talento-comunitario-para-jovenes\/","title":{"rendered":"Club Las Charcas organiz\u00f3 festival comunitario \u00abMi Talento Comunitario\u00bb para j\u00f3venes"},"content":{"rendered":"\r\n<p><img loading=\"lazy\" decoding=\"async\" class=\"size-medium wp-image-1061 alignright\" src=\"https:\/\/periodicolarepublica.com\/wp-content\/uploads\/2024\/06\/IMG-20240616-WA0010-300x225.jpg\" alt=\"\" width=\"300\" height=\"225\" srcset=\"https:\/\/periodicolarepublica.com\/wp-content\/uploads\/2024\/06\/IMG-20240616-WA0010-300x225.jpg?v=1718578439 300w, https:\/\/periodicolarepublica.com\/wp-content\/uploads\/2024\/06\/IMG-20240616-WA0010-1024x768.jpg?v=1718578439 1024w, https:\/\/periodicolarepublica.com\/wp-content\/uploads\/2024\/06\/IMG-20240616-WA0010-768x576.jpg?v=1718578439 768w, https:\/\/periodicolarepublica.com\/wp-content\/uploads\/2024\/06\/IMG-20240616-WA0010-150x113.jpg?v=1718578439 150w, https:\/\/periodicolarepublica.com\/wp-content\/uploads\/2024\/06\/IMG-20240616-WA0010-600x450.jpg?v=1718578439 600w, https:\/\/periodicolarepublica.com\/wp-content\/uploads\/2024\/06\/IMG-20240616-WA0010-696x522.jpg?v=1718578439 696w, https:\/\/periodicolarepublica.com\/wp-content\/uploads\/2024\/06\/IMG-20240616-WA0010-265x198.jpg?v=1718578439 265w, https:\/\/periodicolarepublica.com\/wp-content\/uploads\/2024\/06\/IMG-20240616-WA0010-530x396.jpg?v=1718578439 530w, https:\/\/periodicolarepublica.com\/wp-content\/uploads\/2024\/06\/IMG-20240616-WA0010.jpg?v=1718578439 1040w\" sizes=\"auto, (max-width: 300px) 100vw, 300px\" \/>Santiago RD, 16 de junio de 2024- El Club Recreativo, Deportivo y Cultural Las Charcas se complace en anunciar la organizaci\u00f3n del festival comunitario \u00abMi Talento Comunitario\u00bb, un evento dise\u00f1ado para celebrar y apoyar a los j\u00f3venes de la comunidad. <br \/><br \/>\u00abEstamos emocionados de brindar a los j\u00f3venes de nuestra comunidad una plataforma para mostrar sus talentos y habilidades\u00bb, coment\u00f3 Mar\u00eda Diaz, Miembro del Club Las Charcas. \u00abEste festival es una oportunidad para que los j\u00f3venes se expresen, se conecten y encuentren apoyo mutuo\u00bb. <br \/><br \/>El festival \u00abMi Talento Comunitario\u00bb se llevo a cabo el pr\u00f3ximo 15 de junio en las instalaciones del Club Las Charcas. El evento incluir\u00e1 actuaciones en vivo, talleres, concursos y diversas actividades que permitir\u00e1n a los j\u00f3venes participantes exhibir sus talentos en \u00e1reas como m\u00fasica, danza, teatro, arte y m\u00e1s. <br \/><br \/>\u00abNuestro objetivo es fomentar un esp\u00edritu de unidad y celebraci\u00f3n en torno a los j\u00f3venes de nuestra comunidad\u00bb, agreg\u00f3 Mar\u00eda Diaz. \u00abCreemos que este festival ser\u00e1 una experiencia memorable y significativa para todos los involucrados\u00bb.<\/p>\r\n","protected":false},"excerpt":{"rendered":"<p>Santiago RD, 16 de junio de 2024- El Club Recreativo, Deportivo y Cultural Las Charcas se complace en anunciar la organizaci\u00f3n del festival comunitario \u00abMi Talento Comunitario\u00bb, un evento dise\u00f1ado para celebrar y apoyar a los j\u00f3venes de la comunidad. \u00abEstamos emocionados de brindar a los j\u00f3venes de nuestra comunidad una plataforma para mostrar sus [&hellip;]<\/p>\n","protected":false},"author":6,"featured_media":1061,"comment_status":"open","ping_status":"open","sticky":false,"template":"","format":"standard","meta":{"om_disable_all_campaigns":false,"_monsterinsights_skip_tracking":false,"_monsterinsights_sitenote_active":false,"_monsterinsights_sitenote_note":"","_monsterinsights_sitenote_category":0,"footnotes":""},"categories":[206],"tags":[],"class_list":{"0":"post-1038","1":"post","2":"type-post","3":"status-publish","4":"format-standard","5":"has-post-thumbnail","7":"category-la-republica-del-cibao"},"aioseo_notices":[],"_links":{"self":[{"href":"https:\/\/periodicolarepublica.com\/index.php\/wp-json\/wp\/v2\/posts\/1038","targetHints":{"allow":["GET"]}}],"collection":[{"href":"https:\/\/periodicolarepublica.com\/index.php\/wp-json\/wp\/v2\/posts"}],"about":[{"href":"https:\/\/periodicolarepublica.com\/index.php\/wp-json\/wp\/v2\/types\/post"}],"author":[{"embeddable":true,"href":"https:\/\/periodicolarepublica.com\/index.php\/wp-json\/wp\/v2\/users\/6"}],"replies":[{"embeddable":true,"href":"https:\/\/periodicolarepublica.com\/index.php\/wp-json\/wp\/v2\/comments?post=1038"}],"version-history":[{"count":2,"href":"https:\/\/periodicolarepublica.com\/index.php\/wp-json\/wp\/v2\/posts\/1038\/revisions"}],"predecessor-version":[{"id":1062,"href":"https:\/\/periodicolarepublica.com\/index.php\/wp-json\/wp\/v2\/posts\/1038\/revisions\/1062"}],"wp:featuredmedia":[{"embeddable":true,"href":"https:\/\/periodicolarepublica.com\/index.php\/wp-json\/wp\/v2\/media\/1061"}],"wp:attachment":[{"href":"https:\/\/periodicolarepublica.com\/index.php\/wp-json\/wp\/v2\/media?parent=1038"}],"wp:term":[{"taxonomy":"category","embeddable":true,"href":"https:\/\/periodicolarepublica.com\/index.php\/wp-json\/wp\/v2\/categories?post=1038"},{"taxonomy":"post_tag","embeddable":true,"href":"https:\/\/periodicolarepublica.com\/index.php\/wp-json\/wp\/v2\/tags?post=1038"}],"curies":[{"name":"wp","href":"https:\/\/api.w.org\/{rel}","templated":true}]}}