{"id":1043,"date":"2024-06-16T15:51:11","date_gmt":"2024-06-16T13:51:11","guid":{"rendered":"https:\/\/periodicolarepublica.com\/?p=1043"},"modified":"2024-06-16T15:52:14","modified_gmt":"2024-06-16T13:52:14","slug":"alcaldesa-carolina-mejia-viaja-a-congreso-iberoamericano-ceapi-en-colombia","status":"publish","type":"post","link":"https:\/\/periodicolarepublica.com\/index.php\/2024\/06\/16\/alcaldesa-carolina-mejia-viaja-a-congreso-iberoamericano-ceapi-en-colombia\/","title":{"rendered":"Alcaldesa Carolina Mej\u00eda viaja a Congreso Iberoamericano CEAPI en Colombia"},"content":{"rendered":"<p>La alcaldesa del Distrito Nacional, Carolina Mej\u00eda, viaja este domingo hacia Cartagena de Indias, Colombia, donde participar\u00e1 en el VII Congreso Iberoamericano del Consejo Empresarial Alianza por Iberoam\u00e9rica (CEAPI), junto a los alcaldes de Madrid, Bogot\u00e1, Cartagena, Medell\u00edn y Cali.<\/p>\n<p><img loading=\"lazy\" decoding=\"async\" class=\"alignnone size-medium wp-image-1044\" src=\"https:\/\/periodicolarepublica.com\/wp-content\/uploads\/2024\/06\/IMG-20240616-WA0003-300x200.jpg\" alt=\"\" width=\"300\" height=\"200\" srcset=\"https:\/\/periodicolarepublica.com\/wp-content\/uploads\/2024\/06\/IMG-20240616-WA0003-300x200.jpg?v=1718545821 300w, https:\/\/periodicolarepublica.com\/wp-content\/uploads\/2024\/06\/IMG-20240616-WA0003-1024x683.jpg?v=1718545821 1024w, https:\/\/periodicolarepublica.com\/wp-content\/uploads\/2024\/06\/IMG-20240616-WA0003-768x512.jpg?v=1718545821 768w, https:\/\/periodicolarepublica.com\/wp-content\/uploads\/2024\/06\/IMG-20240616-WA0003-150x100.jpg?v=1718545821 150w, https:\/\/periodicolarepublica.com\/wp-content\/uploads\/2024\/06\/IMG-20240616-WA0003-600x400.jpg?v=1718545821 600w, https:\/\/periodicolarepublica.com\/wp-content\/uploads\/2024\/06\/IMG-20240616-WA0003-696x464.jpg?v=1718545821 696w, https:\/\/periodicolarepublica.com\/wp-content\/uploads\/2024\/06\/IMG-20240616-WA0003.jpg?v=1718545821 1040w\" sizes=\"auto, (max-width: 300px) 100vw, 300px\" \/><\/p>\n<p>El lunes, Carolina tendr\u00e1 a su cargo la clausura del panel de liderazgo femenino sobre Mujeres que Hacen Historia, d\u00f3nde compartir\u00e1 junto a Marta Woodcock, CEO de Banco Santander; Cristina Pineda, cofundadora de Pineda Coval\u00edn; N\u00faria Vilanova, presidenta de CEAPI; Isabel Noboa, presidenta de Nobis; Alejandra Mustakis, socia fundadora de Medular, Kaulel, iF, 1ko y Cemprendedor; Carmen Abondano, cofundadora del Grupo Daabon; Alexia Putellas, campeona mundial de f\u00fatbol 2023, Bal\u00f3n de Oro Femenino y The Best a la mejor jugadora de FIFA; y Tatiana Calder\u00f3n, piloto de automovilismo.<\/p>\n<p>Mientras que el martes participar\u00e1 en el panel \u201cCapitales de Iberoam\u00e9rica al mundo\u201d, donde distintos alcaldes manifestar\u00e1n la manera en la que han gestionado ciudades din\u00e1micas y complejas. En este conversatorio buscar\u00e1n ofrecer una ventana \u00fanica a las soluciones creativas que est\u00e1n moldeando el futuro de las capitales iberoamericanas.<\/p>\n<p>Asimismo, la alcaldesa dominicana agotar\u00e1 una importante agenda de reuniones bilaterales con sus hom\u00f3logos, as\u00ed como con l\u00edderes empresariales y pol\u00edticos.<\/p>\n<p>El congreso, a efectuarse del lunes 17 al mi\u00e9rcoles 19 de junio, re\u00fane a los principales l\u00edderes institucionales, presidentes de compa\u00f1\u00edas y familias empresarias latinoamericanas.<\/p>\n<p>De igual manera, intervendr\u00e1 Jos\u00e9 Mar\u00eda Aznar, expresidente del Gobierno de Espa\u00f1a; Mariano Jabonero, secretario general de la Organizaci\u00f3n de Estados Iberoamericanos para la Educaci\u00f3n, la Ciencia y la Cultura (OEI); Lavinia Valbonesi, primera dama de Ecuador; Sergio D\u00edaz, presidente del Banco de Desarrollo de Am\u00e9rica Latina; entre otras distinguidas personalidades.<\/p>\n<p>La alcaldesa del Distrito Nacional ha sido reconocida internacionalmente en varias ocasiones por su destacado rol a favor de la ciudad, as\u00ed como por el humanismo que la caracteriza.<\/p>\n<p>En el pasado mes de abril fue investida como Acad\u00e9mica de Honor en la Real Academia Europea de Doctores. Asimismo, Mej\u00eda fue reconocida en el Congreso de Massachusetts, donde recibi\u00f3 una proclama y fue ovacionada por los congresistas.<\/p>\n","protected":false},"excerpt":{"rendered":"<p>La alcaldesa del Distrito Nacional, Carolina Mej\u00eda, viaja este domingo hacia Cartagena de Indias, Colombia, donde participar\u00e1 en el VII Congreso Iberoamericano del Consejo Empresarial Alianza por Iberoam\u00e9rica (CEAPI), junto a los alcaldes de Madrid, Bogot\u00e1, Cartagena, Medell\u00edn y Cali. El lunes, Carolina tendr\u00e1 a su cargo la clausura del panel de liderazgo femenino sobre [&hellip;]<\/p>\n","protected":false},"author":6,"featured_media":1044,"comment_status":"open","ping_status":"open","sticky":false,"template":"","format":"standard","meta":{"om_disable_all_campaigns":false,"_monsterinsights_skip_tracking":false,"_monsterinsights_sitenote_active":false,"_monsterinsights_sitenote_note":"","_monsterinsights_sitenote_category":0,"footnotes":""},"categories":[1],"tags":[244,37],"class_list":{"0":"post-1043","1":"post","2":"type-post","3":"status-publish","4":"format-standard","5":"has-post-thumbnail","7":"category-nacionales","8":"tag-alcaldia-distrito-nacional","9":"tag-carolina-mejia"},"aioseo_notices":[],"_links":{"self":[{"href":"https:\/\/periodicolarepublica.com\/index.php\/wp-json\/wp\/v2\/posts\/1043","targetHints":{"allow":["GET"]}}],"collection":[{"href":"https:\/\/periodicolarepublica.com\/index.php\/wp-json\/wp\/v2\/posts"}],"about":[{"href":"https:\/\/periodicolarepublica.com\/index.php\/wp-json\/wp\/v2\/types\/post"}],"author":[{"embeddable":true,"href":"https:\/\/periodicolarepublica.com\/index.php\/wp-json\/wp\/v2\/users\/6"}],"replies":[{"embeddable":true,"href":"https:\/\/periodicolarepublica.com\/index.php\/wp-json\/wp\/v2\/comments?post=1043"}],"version-history":[{"count":1,"href":"https:\/\/periodicolarepublica.com\/index.php\/wp-json\/wp\/v2\/posts\/1043\/revisions"}],"predecessor-version":[{"id":1045,"href":"https:\/\/periodicolarepublica.com\/index.php\/wp-json\/wp\/v2\/posts\/1043\/revisions\/1045"}],"wp:featuredmedia":[{"embeddable":true,"href":"https:\/\/periodicolarepublica.com\/index.php\/wp-json\/wp\/v2\/media\/1044"}],"wp:attachment":[{"href":"https:\/\/periodicolarepublica.com\/index.php\/wp-json\/wp\/v2\/media?parent=1043"}],"wp:term":[{"taxonomy":"category","embeddable":true,"href":"https:\/\/periodicolarepublica.com\/index.php\/wp-json\/wp\/v2\/categories?post=1043"},{"taxonomy":"post_tag","embeddable":true,"href":"https:\/\/periodicolarepublica.com\/index.php\/wp-json\/wp\/v2\/tags?post=1043"}],"curies":[{"name":"wp","href":"https:\/\/api.w.org\/{rel}","templated":true}]}}