{"id":1046,"date":"2024-06-16T20:50:07","date_gmt":"2024-06-16T18:50:07","guid":{"rendered":"https:\/\/periodicolarepublica.com\/?p=1046"},"modified":"2024-06-16T21:07:46","modified_gmt":"2024-06-16T19:07:46","slug":"arajet-iniciara-operaciones-desde-el-aeropuerto-de-punta-cana-a-partir-de-noviembre","status":"publish","type":"post","link":"https:\/\/periodicolarepublica.com\/index.php\/2024\/06\/16\/arajet-iniciara-operaciones-desde-el-aeropuerto-de-punta-cana-a-partir-de-noviembre\/","title":{"rendered":"Arajet iniciar\u00e1 operaciones desde el Aeropuerto de Punta Cana a partir de noviembre"},"content":{"rendered":"<p style=\"text-align: left;\">La aerol\u00ednea de precios bajos del Caribe, y el Grupo Puntacana firmaron un acuerdo para que los vuelos de dicha l\u00ednea a\u00e9rea comiencen a operar en el Aeropuerto de Punta Cana (PUJ) a partir del primero de noviembre para ampliar la red de destinos y conexiones en el continente.<\/p>\n<p>&nbsp;<\/p>\n<p><img loading=\"lazy\" decoding=\"async\" class=\"alignnone size-medium wp-image-1051\" src=\"https:\/\/periodicolarepublica.com\/wp-content\/uploads\/2024\/06\/Picsart_24-06-16_14-52-46-084-300x165.jpg\" alt=\"\" width=\"300\" height=\"165\" srcset=\"https:\/\/periodicolarepublica.com\/wp-content\/uploads\/2024\/06\/Picsart_24-06-16_14-52-46-084-300x165.jpg?v=1718564036 300w, https:\/\/periodicolarepublica.com\/wp-content\/uploads\/2024\/06\/Picsart_24-06-16_14-52-46-084-1024x562.jpg?v=1718564036 1024w, https:\/\/periodicolarepublica.com\/wp-content\/uploads\/2024\/06\/Picsart_24-06-16_14-52-46-084-768x422.jpg?v=1718564036 768w, https:\/\/periodicolarepublica.com\/wp-content\/uploads\/2024\/06\/Picsart_24-06-16_14-52-46-084-1536x843.jpg?v=1718564036 1536w, https:\/\/periodicolarepublica.com\/wp-content\/uploads\/2024\/06\/Picsart_24-06-16_14-52-46-084-2048x1125.jpg?v=1718564036 2048w, https:\/\/periodicolarepublica.com\/wp-content\/uploads\/2024\/06\/Picsart_24-06-16_14-52-46-084-150x82.jpg?v=1718564036 150w, https:\/\/periodicolarepublica.com\/wp-content\/uploads\/2024\/06\/Picsart_24-06-16_14-52-46-084-600x329.jpg?v=1718564036 600w, https:\/\/periodicolarepublica.com\/wp-content\/uploads\/2024\/06\/Picsart_24-06-16_14-52-46-084-696x382.jpg?v=1718564036 696w, https:\/\/periodicolarepublica.com\/wp-content\/uploads\/2024\/06\/Picsart_24-06-16_14-52-46-084-1392x764.jpg?v=1718564036 1392w, https:\/\/periodicolarepublica.com\/wp-content\/uploads\/2024\/06\/Picsart_24-06-16_14-52-46-084-1068x586.jpg?v=1718564036 1068w, https:\/\/periodicolarepublica.com\/wp-content\/uploads\/2024\/06\/Picsart_24-06-16_14-52-46-084-1920x1054.jpg?v=1718564036 1920w\" sizes=\"auto, (max-width: 300px) 100vw, 300px\" \/><\/p>\n<p>As\u00ed lo anunciaron Frank El\u00edas Rainieri, CEO de Grupo Puntacana y V\u00edctor Pacheco, CEO y fundador de Arajet, quienes indicaron que esta alianza tendr\u00e1 un impacto extraordinario en la cantidad de pasajeros que moviliza Arajet fortaleciendo la llegada de visitantes en la zona Este de la Rep\u00fablica Dominicana.<\/p>\n<p>Pacheco explic\u00f3 que el Aeropuerto de Punta Cana se convertir\u00e1 en la segunda base de Arajet, para ofrecer la oportunidad a esta zona tur\u00edstica de conectar con la robusta red de destinos y las m\u00e1s de 200 combinaciones de conexiones que ofrece Arajet, la cual seguir\u00e1 teniendo como base central al Aeropuerto Internacional de Las Am\u00e9ricas en Santo Domingo.<\/p>\n","protected":false},"excerpt":{"rendered":"<p>La aerol\u00ednea de precios bajos del Caribe, y el Grupo Puntacana firmaron un acuerdo para que los vuelos de dicha l\u00ednea a\u00e9rea comiencen a operar en el Aeropuerto de Punta Cana (PUJ) a partir del primero de noviembre para ampliar la red de destinos y conexiones en el continente. &nbsp; As\u00ed lo anunciaron Frank El\u00edas [&hellip;]<\/p>\n","protected":false},"author":6,"featured_media":1047,"comment_status":"open","ping_status":"open","sticky":false,"template":"","format":"standard","meta":{"om_disable_all_campaigns":false,"_monsterinsights_skip_tracking":false,"_monsterinsights_sitenote_active":false,"_monsterinsights_sitenote_note":"","_monsterinsights_sitenote_category":0,"footnotes":""},"categories":[20],"tags":[104,106,193,29,210],"class_list":{"0":"post-1046","1":"post","2":"type-post","3":"status-publish","4":"format-standard","5":"has-post-thumbnail","7":"category-turismo","8":"tag-arajet","9":"tag-boletos-aereos","10":"tag-low-cost","11":"tag-punta-cana","12":"tag-victor-pacheco"},"aioseo_notices":[],"_links":{"self":[{"href":"https:\/\/periodicolarepublica.com\/index.php\/wp-json\/wp\/v2\/posts\/1046","targetHints":{"allow":["GET"]}}],"collection":[{"href":"https:\/\/periodicolarepublica.com\/index.php\/wp-json\/wp\/v2\/posts"}],"about":[{"href":"https:\/\/periodicolarepublica.com\/index.php\/wp-json\/wp\/v2\/types\/post"}],"author":[{"embeddable":true,"href":"https:\/\/periodicolarepublica.com\/index.php\/wp-json\/wp\/v2\/users\/6"}],"replies":[{"embeddable":true,"href":"https:\/\/periodicolarepublica.com\/index.php\/wp-json\/wp\/v2\/comments?post=1046"}],"version-history":[{"count":6,"href":"https:\/\/periodicolarepublica.com\/index.php\/wp-json\/wp\/v2\/posts\/1046\/revisions"}],"predecessor-version":[{"id":1055,"href":"https:\/\/periodicolarepublica.com\/index.php\/wp-json\/wp\/v2\/posts\/1046\/revisions\/1055"}],"wp:featuredmedia":[{"embeddable":true,"href":"https:\/\/periodicolarepublica.com\/index.php\/wp-json\/wp\/v2\/media\/1047"}],"wp:attachment":[{"href":"https:\/\/periodicolarepublica.com\/index.php\/wp-json\/wp\/v2\/media?parent=1046"}],"wp:term":[{"taxonomy":"category","embeddable":true,"href":"https:\/\/periodicolarepublica.com\/index.php\/wp-json\/wp\/v2\/categories?post=1046"},{"taxonomy":"post_tag","embeddable":true,"href":"https:\/\/periodicolarepublica.com\/index.php\/wp-json\/wp\/v2\/tags?post=1046"}],"curies":[{"name":"wp","href":"https:\/\/api.w.org\/{rel}","templated":true}]}}