{"id":1056,"date":"2024-06-16T21:43:23","date_gmt":"2024-06-16T19:43:23","guid":{"rendered":"https:\/\/periodicolarepublica.com\/?p=1056"},"modified":"2024-06-16T21:43:23","modified_gmt":"2024-06-16T19:43:23","slug":"embajada-de-la-india-en-republica-dominicana-celebra-el-dia-internacional-del-yoga","status":"publish","type":"post","link":"https:\/\/periodicolarepublica.com\/index.php\/2024\/06\/16\/embajada-de-la-india-en-republica-dominicana-celebra-el-dia-internacional-del-yoga\/","title":{"rendered":"Embajada de la India en Rep\u00fablica Dominicana celebra el D\u00eda Internacional del Yoga"},"content":{"rendered":"<p style=\"text-align: left;\">La embajada de la India en Rep\u00fablica Dominicana celebr\u00f3 de manera especial el D\u00eda Internacional del Yoga, con una gran actividad que tuvo lugar en la emblem\u00e1tica Plaza de la Bandera de Santo Domingo. La jornada estuvo marcada por una serie de actividades enfocadas en la promoci\u00f3n de esta milenaria disciplina, que promueve la armon\u00eda entre el cuerpo y la mente.<\/p>\n<p><img loading=\"lazy\" decoding=\"async\" class=\"alignnone size-medium wp-image-1057\" src=\"https:\/\/periodicolarepublica.com\/wp-content\/uploads\/2024\/06\/IMG-20240616-WA0027-300x169.jpg\" alt=\"\" width=\"300\" height=\"169\" srcset=\"https:\/\/periodicolarepublica.com\/wp-content\/uploads\/2024\/06\/IMG-20240616-WA0027-300x169.jpg?v=1718566984 300w, https:\/\/periodicolarepublica.com\/wp-content\/uploads\/2024\/06\/IMG-20240616-WA0027-1024x576.jpg?v=1718566984 1024w, https:\/\/periodicolarepublica.com\/wp-content\/uploads\/2024\/06\/IMG-20240616-WA0027-768x432.jpg?v=1718566984 768w, https:\/\/periodicolarepublica.com\/wp-content\/uploads\/2024\/06\/IMG-20240616-WA0027-150x84.jpg?v=1718566984 150w, https:\/\/periodicolarepublica.com\/wp-content\/uploads\/2024\/06\/IMG-20240616-WA0027-600x338.jpg?v=1718566984 600w, https:\/\/periodicolarepublica.com\/wp-content\/uploads\/2024\/06\/IMG-20240616-WA0027-696x392.jpg?v=1718566984 696w, https:\/\/periodicolarepublica.com\/wp-content\/uploads\/2024\/06\/IMG-20240616-WA0027-1068x601.jpg?v=1718566984 1068w, https:\/\/periodicolarepublica.com\/wp-content\/uploads\/2024\/06\/IMG-20240616-WA0027.jpg?v=1718566984 1280w\" sizes=\"auto, (max-width: 300px) 100vw, 300px\" \/><\/p>\n<p>El evento cont\u00f3 con la presencia del embajador de la India en Rep\u00fablica Dominicana, Ramu Abbagani, quien destac\u00f3 la importancia del yoga como una pr\u00e1ctica que aporta grandes beneficios para la salud f\u00edsica y mental de las personas. El embajador Abbagani resalt\u00f3 la importancia de promover esta disciplina en la sociedad dominicana, como parte de una cultura de bienestar integral.<\/p>\n<p>Durante la celebraci\u00f3n, los asistentes pudieron participar en clases de yoga gratuitas, dirigidas por expertos en la materia. Adem\u00e1s, se ofrecieron demostraciones de diferentes t\u00e9cnicas y posturas de yoga, con el objetivo de acercar a los presentes a esta pr\u00e1ctica ancestral.<\/p>\n<p>El embajador Abbagani tambi\u00e9n aprovech\u00f3 la ocasi\u00f3n para resaltar la estrecha relaci\u00f3n entre la India y Rep\u00fablica Dominicana, y la importancia de fortalecer los lazos culturales entre ambos pa\u00edses. En este sentido, el D\u00eda Internacional del Yoga se convirti\u00f3 en una oportunidad para promover la diversidad cultural y el intercambio de conocimientos entre ambas naciones.<\/p>\n<p>La celebraci\u00f3n del D\u00eda Internacional del Yoga en la Plaza de la Bandera fue sin duda un \u00e9xito, con una gran participaci\u00f3n de personas interesadas en conocer m\u00e1s sobre esta disciplina y disfrutar de una jornada de paz y armon\u00eda en medio de la bulliciosa ciudad de Santo Domingo. Sin duda, eventos como este contribuyen a difundir los valores y beneficios del yoga entre la poblaci\u00f3n dominicana, promoviendo as\u00ed un estilo de vida m\u00e1s saludable y equilibrado.<\/p>\n","protected":false},"excerpt":{"rendered":"<p>La embajada de la India en Rep\u00fablica Dominicana celebr\u00f3 de manera especial el D\u00eda Internacional del Yoga, con una gran actividad que tuvo lugar en la emblem\u00e1tica Plaza de la Bandera de Santo Domingo. La jornada estuvo marcada por una serie de actividades enfocadas en la promoci\u00f3n de esta milenaria disciplina, que promueve la armon\u00eda [&hellip;]<\/p>\n","protected":false},"author":1,"featured_media":1057,"comment_status":"open","ping_status":"open","sticky":false,"template":"","format":"standard","meta":{"om_disable_all_campaigns":false,"_monsterinsights_skip_tracking":false,"_monsterinsights_sitenote_active":false,"_monsterinsights_sitenote_note":"","_monsterinsights_sitenote_category":0,"footnotes":""},"categories":[1],"tags":[],"class_list":{"0":"post-1056","1":"post","2":"type-post","3":"status-publish","4":"format-standard","5":"has-post-thumbnail","7":"category-nacionales"},"aioseo_notices":[],"_links":{"self":[{"href":"https:\/\/periodicolarepublica.com\/index.php\/wp-json\/wp\/v2\/posts\/1056","targetHints":{"allow":["GET"]}}],"collection":[{"href":"https:\/\/periodicolarepublica.com\/index.php\/wp-json\/wp\/v2\/posts"}],"about":[{"href":"https:\/\/periodicolarepublica.com\/index.php\/wp-json\/wp\/v2\/types\/post"}],"author":[{"embeddable":true,"href":"https:\/\/periodicolarepublica.com\/index.php\/wp-json\/wp\/v2\/users\/1"}],"replies":[{"embeddable":true,"href":"https:\/\/periodicolarepublica.com\/index.php\/wp-json\/wp\/v2\/comments?post=1056"}],"version-history":[{"count":1,"href":"https:\/\/periodicolarepublica.com\/index.php\/wp-json\/wp\/v2\/posts\/1056\/revisions"}],"predecessor-version":[{"id":1058,"href":"https:\/\/periodicolarepublica.com\/index.php\/wp-json\/wp\/v2\/posts\/1056\/revisions\/1058"}],"wp:featuredmedia":[{"embeddable":true,"href":"https:\/\/periodicolarepublica.com\/index.php\/wp-json\/wp\/v2\/media\/1057"}],"wp:attachment":[{"href":"https:\/\/periodicolarepublica.com\/index.php\/wp-json\/wp\/v2\/media?parent=1056"}],"wp:term":[{"taxonomy":"category","embeddable":true,"href":"https:\/\/periodicolarepublica.com\/index.php\/wp-json\/wp\/v2\/categories?post=1056"},{"taxonomy":"post_tag","embeddable":true,"href":"https:\/\/periodicolarepublica.com\/index.php\/wp-json\/wp\/v2\/tags?post=1056"}],"curies":[{"name":"wp","href":"https:\/\/api.w.org\/{rel}","templated":true}]}}