{"id":1060,"date":"2024-06-17T03:52:41","date_gmt":"2024-06-17T01:52:41","guid":{"rendered":"https:\/\/periodicolarepublica.com\/?p=1060"},"modified":"2024-06-17T03:52:41","modified_gmt":"2024-06-17T01:52:41","slug":"movimiento-poder-pal-pueblo-evalua-su-participacion-en-las-elecciones-pasadas","status":"publish","type":"post","link":"https:\/\/periodicolarepublica.com\/index.php\/2024\/06\/17\/movimiento-poder-pal-pueblo-evalua-su-participacion-en-las-elecciones-pasadas\/","title":{"rendered":"Movimiento Poder PA&#8217;L Pueblo eval\u00faa su participaci\u00f3n en las elecciones pasadas"},"content":{"rendered":"\r\n<p><img loading=\"lazy\" decoding=\"async\" class=\"size-medium wp-image-1065 alignright\" src=\"https:\/\/periodicolarepublica.com\/wp-content\/uploads\/2024\/06\/363055703_1255678604974542_3265851713547869241_n-300x199.jpg\" alt=\"\" width=\"300\" height=\"199\" srcset=\"https:\/\/periodicolarepublica.com\/wp-content\/uploads\/2024\/06\/363055703_1255678604974542_3265851713547869241_n-300x199.jpg?v=1718589135 300w, https:\/\/periodicolarepublica.com\/wp-content\/uploads\/2024\/06\/363055703_1255678604974542_3265851713547869241_n-1024x681.jpg?v=1718589135 1024w, https:\/\/periodicolarepublica.com\/wp-content\/uploads\/2024\/06\/363055703_1255678604974542_3265851713547869241_n-768x511.jpg?v=1718589135 768w, https:\/\/periodicolarepublica.com\/wp-content\/uploads\/2024\/06\/363055703_1255678604974542_3265851713547869241_n-150x100.jpg?v=1718589135 150w, https:\/\/periodicolarepublica.com\/wp-content\/uploads\/2024\/06\/363055703_1255678604974542_3265851713547869241_n-600x399.jpg?v=1718589135 600w, https:\/\/periodicolarepublica.com\/wp-content\/uploads\/2024\/06\/363055703_1255678604974542_3265851713547869241_n-696x463.jpg?v=1718589135 696w, https:\/\/periodicolarepublica.com\/wp-content\/uploads\/2024\/06\/363055703_1255678604974542_3265851713547869241_n-1068x710.jpg?v=1718589135 1068w, https:\/\/periodicolarepublica.com\/wp-content\/uploads\/2024\/06\/363055703_1255678604974542_3265851713547869241_n.jpg?v=1718589135 1080w\" sizes=\"auto, (max-width: 300px) 100vw, 300px\" \/>Santo Domingo, Rep\u00fablica Dominicana, 17 de junio de 2024 &#8211; El Movimiento Poder PA&#8217;L Pueblo realiz\u00f3 ayer una evaluaci\u00f3n de su participaci\u00f3n en las elecciones presidenciales y legislativas anteriores. En la reuni\u00f3n, se discutieron los aportes y resultados obtenidos, que incluyeron una contribuci\u00f3n del 1.10 % al candidato presidencial Luis Abinader y al Partido Revolucionario Moderno (PRM). <br \/><br \/>Durante la evaluaci\u00f3n, el Movimiento Poder PA&#8217;L Pueblo analiz\u00f3 su rol y desempe\u00f1o en la campa\u00f1a electoral, resaltando los esfuerzos realizados para movilizar a sus simpatizantes y apoyar la propuesta del candidato Abinader. <br \/><br \/>\u00abNuestra participaci\u00f3n en el proceso electoral anterior fue importante para sumar votos y fortalecer la opci\u00f3n del cambio que representaba el PRM\u00bb, afirm\u00f3 Jhonatan Brea, portavoz del Movimiento Poder PA&#8217;L Pueblo. \u00abEstamos satisfechos con los resultados obtenidos y continuaremos trabajando para ampliar nuestra incidencia en el \u00e1mbito pol\u00edtico\u00bb. <br \/><br \/>El Movimiento Poder PA&#8217;L Pueblo es una organizaci\u00f3n de la sociedad civil que promueve la participaci\u00f3n ciudadana y la defensa de los intereses del pueblo dominicano.<\/p>\r\n","protected":false},"excerpt":{"rendered":"<p>Santo Domingo, Rep\u00fablica Dominicana, 17 de junio de 2024 &#8211; El Movimiento Poder PA&#8217;L Pueblo realiz\u00f3 ayer una evaluaci\u00f3n de su participaci\u00f3n en las elecciones presidenciales y legislativas anteriores. En la reuni\u00f3n, se discutieron los aportes y resultados obtenidos, que incluyeron una contribuci\u00f3n del 1.10 % al candidato presidencial Luis Abinader y al Partido Revolucionario [&hellip;]<\/p>\n","protected":false},"author":6,"featured_media":1065,"comment_status":"open","ping_status":"open","sticky":false,"template":"","format":"standard","meta":{"om_disable_all_campaigns":false,"_monsterinsights_skip_tracking":false,"_monsterinsights_sitenote_active":false,"_monsterinsights_sitenote_note":"","_monsterinsights_sitenote_category":0,"footnotes":""},"categories":[1],"tags":[164,163],"class_list":{"0":"post-1060","1":"post","2":"type-post","3":"status-publish","4":"format-standard","5":"has-post-thumbnail","7":"category-nacionales","8":"tag-movimiento-poder-pal-pueblo","9":"tag-tomas-hernandez-alberto"},"aioseo_notices":[],"_links":{"self":[{"href":"https:\/\/periodicolarepublica.com\/index.php\/wp-json\/wp\/v2\/posts\/1060","targetHints":{"allow":["GET"]}}],"collection":[{"href":"https:\/\/periodicolarepublica.com\/index.php\/wp-json\/wp\/v2\/posts"}],"about":[{"href":"https:\/\/periodicolarepublica.com\/index.php\/wp-json\/wp\/v2\/types\/post"}],"author":[{"embeddable":true,"href":"https:\/\/periodicolarepublica.com\/index.php\/wp-json\/wp\/v2\/users\/6"}],"replies":[{"embeddable":true,"href":"https:\/\/periodicolarepublica.com\/index.php\/wp-json\/wp\/v2\/comments?post=1060"}],"version-history":[{"count":2,"href":"https:\/\/periodicolarepublica.com\/index.php\/wp-json\/wp\/v2\/posts\/1060\/revisions"}],"predecessor-version":[{"id":1066,"href":"https:\/\/periodicolarepublica.com\/index.php\/wp-json\/wp\/v2\/posts\/1060\/revisions\/1066"}],"wp:featuredmedia":[{"embeddable":true,"href":"https:\/\/periodicolarepublica.com\/index.php\/wp-json\/wp\/v2\/media\/1065"}],"wp:attachment":[{"href":"https:\/\/periodicolarepublica.com\/index.php\/wp-json\/wp\/v2\/media?parent=1060"}],"wp:term":[{"taxonomy":"category","embeddable":true,"href":"https:\/\/periodicolarepublica.com\/index.php\/wp-json\/wp\/v2\/categories?post=1060"},{"taxonomy":"post_tag","embeddable":true,"href":"https:\/\/periodicolarepublica.com\/index.php\/wp-json\/wp\/v2\/tags?post=1060"}],"curies":[{"name":"wp","href":"https:\/\/api.w.org\/{rel}","templated":true}]}}