{"id":1064,"date":"2024-06-20T19:02:35","date_gmt":"2024-06-20T17:02:35","guid":{"rendered":"https:\/\/periodicolarepublica.com\/?p=1064"},"modified":"2024-06-20T19:02:35","modified_gmt":"2024-06-20T17:02:35","slug":"el-liderazgo-del-ministro-atallah-en-la-respuesta-sanitaria-del-pais","status":"publish","type":"post","link":"https:\/\/periodicolarepublica.com\/index.php\/2024\/06\/20\/el-liderazgo-del-ministro-atallah-en-la-respuesta-sanitaria-del-pais\/","title":{"rendered":"El liderazgo del Ministro Atallah en la respuesta sanitaria del pa\u00eds"},"content":{"rendered":"\r\n<p><img loading=\"lazy\" decoding=\"async\" class=\"size-medium wp-image-920 alignright\" src=\"https:\/\/periodicolarepublica.com\/wp-content\/uploads\/2024\/05\/IMG-20240528-WA0060-300x200.jpg\" alt=\"\" width=\"300\" height=\"200\" srcset=\"https:\/\/periodicolarepublica.com\/wp-content\/uploads\/2024\/05\/IMG-20240528-WA0060-300x200.jpg?v=1716909109 300w, https:\/\/periodicolarepublica.com\/wp-content\/uploads\/2024\/05\/IMG-20240528-WA0060-1024x683.jpg?v=1716909109 1024w, https:\/\/periodicolarepublica.com\/wp-content\/uploads\/2024\/05\/IMG-20240528-WA0060-768x512.jpg?v=1716909109 768w, https:\/\/periodicolarepublica.com\/wp-content\/uploads\/2024\/05\/IMG-20240528-WA0060-150x100.jpg?v=1716909109 150w, https:\/\/periodicolarepublica.com\/wp-content\/uploads\/2024\/05\/IMG-20240528-WA0060-600x400.jpg?v=1716909109 600w, https:\/\/periodicolarepublica.com\/wp-content\/uploads\/2024\/05\/IMG-20240528-WA0060-696x464.jpg?v=1716909109 696w, https:\/\/periodicolarepublica.com\/wp-content\/uploads\/2024\/05\/IMG-20240528-WA0060-1068x712.jpg?v=1716909109 1068w, https:\/\/periodicolarepublica.com\/wp-content\/uploads\/2024\/05\/IMG-20240528-WA0060.jpg?v=1716909109 1080w\" sizes=\"auto, (max-width: 300px) 100vw, 300px\" \/>En los \u00faltimos meses, el Ministro de Salud P\u00fablica, Dr. V\u00edctor Atallah, ha asumido un papel fundamental en la coordinaci\u00f3n de los esfuerzos gubernamentales para hacer frente a los desaf\u00edos sanitarios que enfrenta Rep\u00fablica Dominicana. Desde la implementaci\u00f3n del plan de vacunaci\u00f3n contra el COVID-19 hasta las campa\u00f1as de prevenci\u00f3n y control del dengue, el Ministro Atallah ha demostrado un liderazgo comprometido y efectivo para proteger la salud de la poblaci\u00f3n. <br \/><br \/>Plan de vacunaci\u00f3n contra el COVID-19:<br \/>Uno de los principales logros del Ministro Atallah ha sido la exitosa implementaci\u00f3n del plan nacional de vacunaci\u00f3n contra el COVID-19. Bajo su direcci\u00f3n, el Ministerio de Salud P\u00fablica ha podido alcanzar altos niveles de cobertura de vacunaci\u00f3n en todo el territorio dominicano, lo que ha sido clave para reducir significativamente los contagios, las hospitalizaciones y las muertes por esta enfermedad. <br \/><br \/>El Ministro Atallah ha demostrado un compromiso inquebrantable con este proceso, trabajando de manera coordinada con las autoridades locales y la sociedad civil para garantizar el acceso equitativo a las vacunas y superar los desaf\u00edos log\u00edsticos y de comunicaci\u00f3n. Gracias a este esfuerzo, Rep\u00fablica Dominicana se ha colocado como uno de los pa\u00edses de la regi\u00f3n con mayor progreso en la inmunizaci\u00f3n de su poblaci\u00f3n. <br \/><br \/>Lucha contra el dengue: <br \/><br \/>Adem\u00e1s de su labor en la respuesta al COVID-19, el Ministro Atallah tambi\u00e9n ha liderado las acciones gubernamentales para combatir el aumento de los casos de dengue en el pa\u00eds. Bajo su direcci\u00f3n, el Ministerio de Salud P\u00fablica ha implementado campa\u00f1as de fumigaci\u00f3n, limpieza de criaderos y educaci\u00f3n comunitaria, logrando una disminuci\u00f3n significativa de los \u00edndices de infestaci\u00f3n del mosquito transmisor. <br \/><br \/>Estas estrategias integrales han sido respaldadas por el presidente Luis Abinader, quien ha instruido a las autoridades a destinar todos los recursos necesarios para erradicar esta enfermedad. El Ministro Atallah ha demostrado su capacidad para coordinar estas acciones y movilizar a los diferentes actores involucrados, posicionando al Ministerio de Salud P\u00fablica como un actor clave en la protecci\u00f3n de la salud p\u00fablica del pa\u00eds.<br \/><br \/><br \/>En un momento en que la salud p\u00fablica enfrenta m\u00faltiples desaf\u00edos, el liderazgo y la dedicaci\u00f3n del Ministro V\u00edctor Atallah han sido fundamentales para guiar la respuesta del gobierno dominicano. Sus esfuerzos en la implementaci\u00f3n exitosa del plan de vacunaci\u00f3n contra el COVID-19 y la lucha contra el dengue han sido cruciales para preservar la salud y el bienestar de la poblaci\u00f3n. Bajo su direcci\u00f3n, el Ministerio de Salud P\u00fablica se ha consolidado como una instituci\u00f3n s\u00f3lida y comprometida con la protecci\u00f3n de la salud p\u00fablica del pa\u00eds.<\/p>\r\n","protected":false},"excerpt":{"rendered":"<p>En los \u00faltimos meses, el Ministro de Salud P\u00fablica, Dr. V\u00edctor Atallah, ha asumido un papel fundamental en la coordinaci\u00f3n de los esfuerzos gubernamentales para hacer frente a los desaf\u00edos sanitarios que enfrenta Rep\u00fablica Dominicana. Desde la implementaci\u00f3n del plan de vacunaci\u00f3n contra el COVID-19 hasta las campa\u00f1as de prevenci\u00f3n y control del dengue, el [&hellip;]<\/p>\n","protected":false},"author":6,"featured_media":920,"comment_status":"open","ping_status":"open","sticky":false,"template":"","format":"standard","meta":{"om_disable_all_campaigns":false,"_monsterinsights_skip_tracking":false,"_monsterinsights_sitenote_active":false,"_monsterinsights_sitenote_note":"","_monsterinsights_sitenote_category":0,"footnotes":""},"categories":[1],"tags":[175,161],"class_list":{"0":"post-1064","1":"post","2":"type-post","3":"status-publish","4":"format-standard","5":"has-post-thumbnail","7":"category-nacionales","8":"tag-ministro-de-salud-publica","9":"tag-victor-atallah"},"aioseo_notices":[],"_links":{"self":[{"href":"https:\/\/periodicolarepublica.com\/index.php\/wp-json\/wp\/v2\/posts\/1064","targetHints":{"allow":["GET"]}}],"collection":[{"href":"https:\/\/periodicolarepublica.com\/index.php\/wp-json\/wp\/v2\/posts"}],"about":[{"href":"https:\/\/periodicolarepublica.com\/index.php\/wp-json\/wp\/v2\/types\/post"}],"author":[{"embeddable":true,"href":"https:\/\/periodicolarepublica.com\/index.php\/wp-json\/wp\/v2\/users\/6"}],"replies":[{"embeddable":true,"href":"https:\/\/periodicolarepublica.com\/index.php\/wp-json\/wp\/v2\/comments?post=1064"}],"version-history":[{"count":2,"href":"https:\/\/periodicolarepublica.com\/index.php\/wp-json\/wp\/v2\/posts\/1064\/revisions"}],"predecessor-version":[{"id":1072,"href":"https:\/\/periodicolarepublica.com\/index.php\/wp-json\/wp\/v2\/posts\/1064\/revisions\/1072"}],"wp:featuredmedia":[{"embeddable":true,"href":"https:\/\/periodicolarepublica.com\/index.php\/wp-json\/wp\/v2\/media\/920"}],"wp:attachment":[{"href":"https:\/\/periodicolarepublica.com\/index.php\/wp-json\/wp\/v2\/media?parent=1064"}],"wp:term":[{"taxonomy":"category","embeddable":true,"href":"https:\/\/periodicolarepublica.com\/index.php\/wp-json\/wp\/v2\/categories?post=1064"},{"taxonomy":"post_tag","embeddable":true,"href":"https:\/\/periodicolarepublica.com\/index.php\/wp-json\/wp\/v2\/tags?post=1064"}],"curies":[{"name":"wp","href":"https:\/\/api.w.org\/{rel}","templated":true}]}}