{"id":1067,"date":"2024-06-19T17:28:09","date_gmt":"2024-06-19T15:28:09","guid":{"rendered":"https:\/\/periodicolarepublica.com\/?p=1067"},"modified":"2024-06-19T17:28:09","modified_gmt":"2024-06-19T15:28:09","slug":"arajet-y-boeing-abren-segundo-programa-de-becas-para-pilotos-dominicanos","status":"publish","type":"post","link":"https:\/\/periodicolarepublica.com\/index.php\/2024\/06\/19\/arajet-y-boeing-abren-segundo-programa-de-becas-para-pilotos-dominicanos\/","title":{"rendered":"Arajet y Boeing abren segundo programa de becas para pilotos dominicanos"},"content":{"rendered":"<p>Arajet contin\u00faa favoreciendo el desarrollo de los pilotos dominicanos.<\/p>\n<p><img loading=\"lazy\" decoding=\"async\" class=\"alignnone size-medium wp-image-1068\" src=\"https:\/\/periodicolarepublica.com\/wp-content\/uploads\/2024\/06\/IMG_20240619_102207-300x252.jpg\" alt=\"\" width=\"300\" height=\"252\" srcset=\"https:\/\/periodicolarepublica.com\/wp-content\/uploads\/2024\/06\/IMG_20240619_102207-300x252.jpg?v=1718810711 300w, https:\/\/periodicolarepublica.com\/wp-content\/uploads\/2024\/06\/IMG_20240619_102207-1024x861.jpg?v=1718810711 1024w, https:\/\/periodicolarepublica.com\/wp-content\/uploads\/2024\/06\/IMG_20240619_102207-768x646.jpg?v=1718810711 768w, https:\/\/periodicolarepublica.com\/wp-content\/uploads\/2024\/06\/IMG_20240619_102207-1536x1292.jpg?v=1718810711 1536w, https:\/\/periodicolarepublica.com\/wp-content\/uploads\/2024\/06\/IMG_20240619_102207-2048x1723.jpg?v=1718810711 2048w, https:\/\/periodicolarepublica.com\/wp-content\/uploads\/2024\/06\/IMG_20240619_102207-150x126.jpg?v=1718810711 150w, https:\/\/periodicolarepublica.com\/wp-content\/uploads\/2024\/06\/IMG_20240619_102207-600x505.jpg?v=1718810711 600w, https:\/\/periodicolarepublica.com\/wp-content\/uploads\/2024\/06\/IMG_20240619_102207-696x586.jpg?v=1718810711 696w, https:\/\/periodicolarepublica.com\/wp-content\/uploads\/2024\/06\/IMG_20240619_102207-1392x1171.jpg?v=1718810711 1392w, https:\/\/periodicolarepublica.com\/wp-content\/uploads\/2024\/06\/IMG_20240619_102207-1068x898.jpg?v=1718810711 1068w, https:\/\/periodicolarepublica.com\/wp-content\/uploads\/2024\/06\/IMG_20240619_102207-1920x1615.jpg?v=1718810711 1920w\" sizes=\"auto, (max-width: 300px) 100vw, 300px\" \/><\/p>\n<p>La l\u00ednea a\u00e9rea de precios bajos del Caribe abri\u00f3 la segunda edici\u00f3n de su programa de becas para pilotos cadetes dominicanos, como parte de sus acciones de responsabilidad social para impulsar el desarrollo del talento local entre los pilotos nacionales.<\/p>\n<p>La aerol\u00ednea explic\u00f3 que esta nueva convocatoria se realiza con el apoyo de los servicios y herramientas de la compa\u00f1\u00eda estadounidense Boeing, para ofrecer oportunidades educativas con est\u00e1ndares de calidad mundial, y as\u00ed contribuir al crecimiento del sector de la aviaci\u00f3n en la Rep\u00fablica Dominicana.<\/p>\n<p>&nbsp;<\/p>\n<p>&nbsp;<\/p>\n","protected":false},"excerpt":{"rendered":"<p>Arajet contin\u00faa favoreciendo el desarrollo de los pilotos dominicanos. La l\u00ednea a\u00e9rea de precios bajos del Caribe abri\u00f3 la segunda edici\u00f3n de su programa de becas para pilotos cadetes dominicanos, como parte de sus acciones de responsabilidad social para impulsar el desarrollo del talento local entre los pilotos nacionales. La aerol\u00ednea explic\u00f3 que esta nueva [&hellip;]<\/p>\n","protected":false},"author":6,"featured_media":1068,"comment_status":"open","ping_status":"open","sticky":false,"template":"","format":"standard","meta":{"om_disable_all_campaigns":false,"_monsterinsights_skip_tracking":false,"_monsterinsights_sitenote_active":false,"_monsterinsights_sitenote_note":"","_monsterinsights_sitenote_category":0,"footnotes":""},"categories":[1,20],"tags":[],"class_list":{"0":"post-1067","1":"post","2":"type-post","3":"status-publish","4":"format-standard","5":"has-post-thumbnail","7":"category-nacionales","8":"category-turismo"},"aioseo_notices":[],"_links":{"self":[{"href":"https:\/\/periodicolarepublica.com\/index.php\/wp-json\/wp\/v2\/posts\/1067","targetHints":{"allow":["GET"]}}],"collection":[{"href":"https:\/\/periodicolarepublica.com\/index.php\/wp-json\/wp\/v2\/posts"}],"about":[{"href":"https:\/\/periodicolarepublica.com\/index.php\/wp-json\/wp\/v2\/types\/post"}],"author":[{"embeddable":true,"href":"https:\/\/periodicolarepublica.com\/index.php\/wp-json\/wp\/v2\/users\/6"}],"replies":[{"embeddable":true,"href":"https:\/\/periodicolarepublica.com\/index.php\/wp-json\/wp\/v2\/comments?post=1067"}],"version-history":[{"count":1,"href":"https:\/\/periodicolarepublica.com\/index.php\/wp-json\/wp\/v2\/posts\/1067\/revisions"}],"predecessor-version":[{"id":1069,"href":"https:\/\/periodicolarepublica.com\/index.php\/wp-json\/wp\/v2\/posts\/1067\/revisions\/1069"}],"wp:featuredmedia":[{"embeddable":true,"href":"https:\/\/periodicolarepublica.com\/index.php\/wp-json\/wp\/v2\/media\/1068"}],"wp:attachment":[{"href":"https:\/\/periodicolarepublica.com\/index.php\/wp-json\/wp\/v2\/media?parent=1067"}],"wp:term":[{"taxonomy":"category","embeddable":true,"href":"https:\/\/periodicolarepublica.com\/index.php\/wp-json\/wp\/v2\/categories?post=1067"},{"taxonomy":"post_tag","embeddable":true,"href":"https:\/\/periodicolarepublica.com\/index.php\/wp-json\/wp\/v2\/tags?post=1067"}],"curies":[{"name":"wp","href":"https:\/\/api.w.org\/{rel}","templated":true}]}}