{"id":1071,"date":"2024-06-21T04:23:12","date_gmt":"2024-06-21T02:23:12","guid":{"rendered":"https:\/\/periodicolarepublica.com\/?p=1071"},"modified":"2024-06-21T04:23:12","modified_gmt":"2024-06-21T02:23:12","slug":"raddy-urena-presidente-de-la-junta-de-vecinos-de-bella-vista-se-entrega-en-cuerpo-y-alma-a-su-comunidad","status":"publish","type":"post","link":"https:\/\/periodicolarepublica.com\/index.php\/2024\/06\/21\/raddy-urena-presidente-de-la-junta-de-vecinos-de-bella-vista-se-entrega-en-cuerpo-y-alma-a-su-comunidad\/","title":{"rendered":"Raddy Ure\u00f1a, Presidente de la Junta de Vecinos de Bella Vista, se entrega en cuerpo y alma a su comunidad"},"content":{"rendered":"\r\n<p><img loading=\"lazy\" decoding=\"async\" class=\"size-medium wp-image-1075 alignright\" src=\"https:\/\/periodicolarepublica.com\/wp-content\/uploads\/2024\/06\/FB_IMG_1718936344010-300x298.jpg\" alt=\"\" width=\"300\" height=\"298\" srcset=\"https:\/\/periodicolarepublica.com\/wp-content\/uploads\/2024\/06\/FB_IMG_1718936344010-300x298.jpg?v=1718936564 300w, https:\/\/periodicolarepublica.com\/wp-content\/uploads\/2024\/06\/FB_IMG_1718936344010-150x149.jpg?v=1718936564 150w, https:\/\/periodicolarepublica.com\/wp-content\/uploads\/2024\/06\/FB_IMG_1718936344010-600x595.jpg?v=1718936564 600w, https:\/\/periodicolarepublica.com\/wp-content\/uploads\/2024\/06\/FB_IMG_1718936344010-696x690.jpg?v=1718936564 696w, https:\/\/periodicolarepublica.com\/wp-content\/uploads\/2024\/06\/FB_IMG_1718936344010.jpg?v=1718936564 726w\" sizes=\"auto, (max-width: 300px) 100vw, 300px\" \/>Santiago, Rep\u00fablica Dominicana, 21 de junio de 2024 &#8211; Raddy Ure\u00f1a , Presidente de la Junta de Vecinos del sector Bella Vista en Santiago, es reconocido por su incansable labor en beneficio de los m\u00e1s necesitados de su comunidad y los sectores aleda\u00f1os. <br \/><br \/>Ure\u00f1a, quien ha dedicado gran parte de su vida al servicio de su comunidad, se distingue por su entrega y compromiso con mejorar la calidad de vida de los residentes de Bella Vista. Bajo su liderazgo, la junta de vecinos ha implementado diversos programas y proyectos enfocados en brindar asistencia a las familias de escasos recursos, desde la distribuci\u00f3n de alimentos y art\u00edculos de primera necesidad, hasta la organizaci\u00f3n de actividades recreativas y educativas para ni\u00f1os y j\u00f3venes. <br \/><br \/>\u00abServir a mi comunidad es mi mayor motivaci\u00f3n. Ver c\u00f3mo nuestros esfuerzos hacen una diferencia positiva en la vida de las personas es lo que me impulsa a continuar trabajando incansablemente\u00bb, afirm\u00f3 Raddy Ure\u00f1a. <br \/><br \/>Gracias a su labor desinteresada y su visi\u00f3n de desarrollo comunitario, Ure\u00f1a se ha convertido en un referente y modelo a seguir para los residentes de Bella Vista y otros sectores aleda\u00f1os. Su compromiso y dedicaci\u00f3n han sido reconocidos por diversas organizaciones y autoridades locales.<\/p>\r\n","protected":false},"excerpt":{"rendered":"<p>Santiago, Rep\u00fablica Dominicana, 21 de junio de 2024 &#8211; Raddy Ure\u00f1a , Presidente de la Junta de Vecinos del sector Bella Vista en Santiago, es reconocido por su incansable labor en beneficio de los m\u00e1s necesitados de su comunidad y los sectores aleda\u00f1os. Ure\u00f1a, quien ha dedicado gran parte de su vida al servicio de [&hellip;]<\/p>\n","protected":false},"author":6,"featured_media":1075,"comment_status":"open","ping_status":"open","sticky":false,"template":"","format":"standard","meta":{"om_disable_all_campaigns":false,"_monsterinsights_skip_tracking":false,"_monsterinsights_sitenote_active":false,"_monsterinsights_sitenote_note":"","_monsterinsights_sitenote_category":0,"footnotes":""},"categories":[206],"tags":[245],"class_list":{"0":"post-1071","1":"post","2":"type-post","3":"status-publish","4":"format-standard","5":"has-post-thumbnail","7":"category-la-republica-del-cibao","8":"tag-raddy-urena"},"aioseo_notices":[],"_links":{"self":[{"href":"https:\/\/periodicolarepublica.com\/index.php\/wp-json\/wp\/v2\/posts\/1071","targetHints":{"allow":["GET"]}}],"collection":[{"href":"https:\/\/periodicolarepublica.com\/index.php\/wp-json\/wp\/v2\/posts"}],"about":[{"href":"https:\/\/periodicolarepublica.com\/index.php\/wp-json\/wp\/v2\/types\/post"}],"author":[{"embeddable":true,"href":"https:\/\/periodicolarepublica.com\/index.php\/wp-json\/wp\/v2\/users\/6"}],"replies":[{"embeddable":true,"href":"https:\/\/periodicolarepublica.com\/index.php\/wp-json\/wp\/v2\/comments?post=1071"}],"version-history":[{"count":2,"href":"https:\/\/periodicolarepublica.com\/index.php\/wp-json\/wp\/v2\/posts\/1071\/revisions"}],"predecessor-version":[{"id":1076,"href":"https:\/\/periodicolarepublica.com\/index.php\/wp-json\/wp\/v2\/posts\/1071\/revisions\/1076"}],"wp:featuredmedia":[{"embeddable":true,"href":"https:\/\/periodicolarepublica.com\/index.php\/wp-json\/wp\/v2\/media\/1075"}],"wp:attachment":[{"href":"https:\/\/periodicolarepublica.com\/index.php\/wp-json\/wp\/v2\/media?parent=1071"}],"wp:term":[{"taxonomy":"category","embeddable":true,"href":"https:\/\/periodicolarepublica.com\/index.php\/wp-json\/wp\/v2\/categories?post=1071"},{"taxonomy":"post_tag","embeddable":true,"href":"https:\/\/periodicolarepublica.com\/index.php\/wp-json\/wp\/v2\/tags?post=1071"}],"curies":[{"name":"wp","href":"https:\/\/api.w.org\/{rel}","templated":true}]}}