{"id":1074,"date":"2024-06-23T00:31:33","date_gmt":"2024-06-22T22:31:33","guid":{"rendered":"https:\/\/periodicolarepublica.com\/?p=1074"},"modified":"2024-06-23T00:31:33","modified_gmt":"2024-06-22T22:31:33","slug":"ministro-de-salud-publica-dr-victor-atallah-suspende-programa-de-equidad-de-genero-en-centros-educativos","status":"publish","type":"post","link":"https:\/\/periodicolarepublica.com\/index.php\/2024\/06\/23\/ministro-de-salud-publica-dr-victor-atallah-suspende-programa-de-equidad-de-genero-en-centros-educativos\/","title":{"rendered":"Ministro de salud p\u00fablica Dr. V\u00edctor Atallah Suspende Programa de Equidad de G\u00e9nero en Centros Educativos"},"content":{"rendered":"\r\n<p><img loading=\"lazy\" decoding=\"async\" class=\"size-medium wp-image-809 alignright\" src=\"https:\/\/periodicolarepublica.com\/wp-content\/uploads\/2024\/05\/IMG-20240512-WA0399-300x202.jpg\" alt=\"\" width=\"300\" height=\"202\" srcset=\"https:\/\/periodicolarepublica.com\/wp-content\/uploads\/2024\/05\/IMG-20240512-WA0399-300x202.jpg?v=1715523809 300w, https:\/\/periodicolarepublica.com\/wp-content\/uploads\/2024\/05\/IMG-20240512-WA0399-1024x689.jpg?v=1715523809 1024w, https:\/\/periodicolarepublica.com\/wp-content\/uploads\/2024\/05\/IMG-20240512-WA0399-768x517.jpg?v=1715523809 768w, https:\/\/periodicolarepublica.com\/wp-content\/uploads\/2024\/05\/IMG-20240512-WA0399-150x101.jpg?v=1715523809 150w, https:\/\/periodicolarepublica.com\/wp-content\/uploads\/2024\/05\/IMG-20240512-WA0399-600x404.jpg?v=1715523809 600w, https:\/\/periodicolarepublica.com\/wp-content\/uploads\/2024\/05\/IMG-20240512-WA0399-696x468.jpg?v=1715523809 696w, https:\/\/periodicolarepublica.com\/wp-content\/uploads\/2024\/05\/IMG-20240512-WA0399-1068x719.jpg?v=1715523809 1068w, https:\/\/periodicolarepublica.com\/wp-content\/uploads\/2024\/05\/IMG-20240512-WA0399.jpg?v=1715523809 1079w\" sizes=\"auto, (max-width: 300px) 100vw, 300px\" \/>Fecha: 21 de junio de 2024 <br \/><br \/>Santo Domingo, Rep\u00fablica Dominicana &#8211; El Ministro de Salud P\u00fablica, Dr. V\u00edctor Atallah, anunci\u00f3 hoy la suspensi\u00f3n y revisi\u00f3n del reciente programa del Departamento de Igualdad y Equidad de G\u00e9nero implementado en los centros educativos del pa\u00eds. <br \/><br \/>\u00abNuestra gesti\u00f3n est\u00e1 firmemente comprometida con los valores de la familia dominicana\u00bb, declar\u00f3 el Ministro Atallah. \u00abHemos decidido suspender este programa para realizar una revisi\u00f3n exhaustiva y asegurarnos de que est\u00e9 alineado con nuestras prioridades y principios\u00bb. <br \/><br \/>El Ministro indic\u00f3 que el gobierno est\u00e1 dedicado a promover pol\u00edticas que fortalezcan a la familia como unidad fundamental de la sociedad. \u00abContinuaremos trabajando para brindar a nuestros j\u00f3venes una educaci\u00f3n que refleje los valores morales y \u00e9ticos de nuestra cultura\u00bb, afirm\u00f3. <br \/><br \/>La suspensi\u00f3n del programa entrar\u00e1 en vigor de manera inmediata mientras se lleva a cabo la revisi\u00f3n. El Ministerio de Salud P\u00fablica se comprometi\u00f3 a mantener informada a la ciudadan\u00eda sobre los resultados de dicha evaluaci\u00f3n.<\/p>\r\n","protected":false},"excerpt":{"rendered":"<p>Fecha: 21 de junio de 2024 Santo Domingo, Rep\u00fablica Dominicana &#8211; El Ministro de Salud P\u00fablica, Dr. V\u00edctor Atallah, anunci\u00f3 hoy la suspensi\u00f3n y revisi\u00f3n del reciente programa del Departamento de Igualdad y Equidad de G\u00e9nero implementado en los centros educativos del pa\u00eds. \u00abNuestra gesti\u00f3n est\u00e1 firmemente comprometida con los valores de la familia dominicana\u00bb, [&hellip;]<\/p>\n","protected":false},"author":6,"featured_media":809,"comment_status":"open","ping_status":"open","sticky":false,"template":"","format":"standard","meta":{"om_disable_all_campaigns":false,"_monsterinsights_skip_tracking":false,"_monsterinsights_sitenote_active":false,"_monsterinsights_sitenote_note":"","_monsterinsights_sitenote_category":0,"footnotes":""},"categories":[1],"tags":[159],"class_list":{"0":"post-1074","1":"post","2":"type-post","3":"status-publish","4":"format-standard","5":"has-post-thumbnail","7":"category-nacionales","8":"tag-ministro-de-salud-publica-victor-atallah"},"aioseo_notices":[],"_links":{"self":[{"href":"https:\/\/periodicolarepublica.com\/index.php\/wp-json\/wp\/v2\/posts\/1074","targetHints":{"allow":["GET"]}}],"collection":[{"href":"https:\/\/periodicolarepublica.com\/index.php\/wp-json\/wp\/v2\/posts"}],"about":[{"href":"https:\/\/periodicolarepublica.com\/index.php\/wp-json\/wp\/v2\/types\/post"}],"author":[{"embeddable":true,"href":"https:\/\/periodicolarepublica.com\/index.php\/wp-json\/wp\/v2\/users\/6"}],"replies":[{"embeddable":true,"href":"https:\/\/periodicolarepublica.com\/index.php\/wp-json\/wp\/v2\/comments?post=1074"}],"version-history":[{"count":2,"href":"https:\/\/periodicolarepublica.com\/index.php\/wp-json\/wp\/v2\/posts\/1074\/revisions"}],"predecessor-version":[{"id":1083,"href":"https:\/\/periodicolarepublica.com\/index.php\/wp-json\/wp\/v2\/posts\/1074\/revisions\/1083"}],"wp:featuredmedia":[{"embeddable":true,"href":"https:\/\/periodicolarepublica.com\/index.php\/wp-json\/wp\/v2\/media\/809"}],"wp:attachment":[{"href":"https:\/\/periodicolarepublica.com\/index.php\/wp-json\/wp\/v2\/media?parent=1074"}],"wp:term":[{"taxonomy":"category","embeddable":true,"href":"https:\/\/periodicolarepublica.com\/index.php\/wp-json\/wp\/v2\/categories?post=1074"},{"taxonomy":"post_tag","embeddable":true,"href":"https:\/\/periodicolarepublica.com\/index.php\/wp-json\/wp\/v2\/tags?post=1074"}],"curies":[{"name":"wp","href":"https:\/\/api.w.org\/{rel}","templated":true}]}}