{"id":1077,"date":"2024-06-21T16:12:19","date_gmt":"2024-06-21T14:12:19","guid":{"rendered":"https:\/\/periodicolarepublica.com\/?p=1077"},"modified":"2024-06-21T16:12:19","modified_gmt":"2024-06-21T14:12:19","slug":"reconocen-a-la-ogtic-avances-gobernanza-digital-en-republica-dominicana","status":"publish","type":"post","link":"https:\/\/periodicolarepublica.com\/index.php\/2024\/06\/21\/reconocen-a-la-ogtic-avances-gobernanza-digital-en-republica-dominicana\/","title":{"rendered":"Reconocen a la OGTIC avances gobernanza digital en Rep\u00fablica Dominicana"},"content":{"rendered":"<p>La eGA, la academia de gobierno electr\u00f3nico de Estonia, ha reconocido y felicitado a la Oficina de Gobierno y Tecnolog\u00edas de la Informaci\u00f3n y la Comunicaci\u00f3n (OGTIC), en manos de su director Bartolom\u00e9 Pujals, por los importantes esfuerzos realizados en la implementaci\u00f3n de la plataforma de interoperabilidad en el sector p\u00fablico y en la implementaci\u00f3n de sistemas X-Road.<\/p>\n<p style=\"text-align: center;\"><img loading=\"lazy\" decoding=\"async\" class=\"alignnone size-medium wp-image-1078 alignleft\" src=\"https:\/\/periodicolarepublica.com\/wp-content\/uploads\/2024\/06\/Picsart_24-06-21_10-03-06-472-300x225.jpg\" alt=\"\" width=\"300\" height=\"225\" srcset=\"https:\/\/periodicolarepublica.com\/wp-content\/uploads\/2024\/06\/Picsart_24-06-21_10-03-06-472-300x225.jpg?v=1718978870 300w, https:\/\/periodicolarepublica.com\/wp-content\/uploads\/2024\/06\/Picsart_24-06-21_10-03-06-472-1024x769.jpg?v=1718978870 1024w, https:\/\/periodicolarepublica.com\/wp-content\/uploads\/2024\/06\/Picsart_24-06-21_10-03-06-472-768x577.jpg?v=1718978870 768w, https:\/\/periodicolarepublica.com\/wp-content\/uploads\/2024\/06\/Picsart_24-06-21_10-03-06-472-150x113.jpg?v=1718978870 150w, https:\/\/periodicolarepublica.com\/wp-content\/uploads\/2024\/06\/Picsart_24-06-21_10-03-06-472-600x451.jpg?v=1718978870 600w, https:\/\/periodicolarepublica.com\/wp-content\/uploads\/2024\/06\/Picsart_24-06-21_10-03-06-472-696x523.jpg?v=1718978870 696w, https:\/\/periodicolarepublica.com\/wp-content\/uploads\/2024\/06\/Picsart_24-06-21_10-03-06-472-1392x1045.jpg?v=1718978870 1392w, https:\/\/periodicolarepublica.com\/wp-content\/uploads\/2024\/06\/Picsart_24-06-21_10-03-06-472-1068x802.jpg?v=1718978870 1068w, https:\/\/periodicolarepublica.com\/wp-content\/uploads\/2024\/06\/Picsart_24-06-21_10-03-06-472-265x198.jpg?v=1718978870 265w, https:\/\/periodicolarepublica.com\/wp-content\/uploads\/2024\/06\/Picsart_24-06-21_10-03-06-472-530x396.jpg?v=1718978870 530w, https:\/\/periodicolarepublica.com\/wp-content\/uploads\/2024\/06\/Picsart_24-06-21_10-03-06-472.jpg?v=1718978870 1438w\" sizes=\"auto, (max-width: 300px) 100vw, 300px\" \/><\/p>\n<p>La plataforma de interoperabilidad X-Road es una herramienta fundamental para la comunicaci\u00f3n y colaboraci\u00f3n entre diferentes organismos y entidades gubernamentales, permitiendo el intercambio seguro y eficiente de informaci\u00f3n y datos. La implementaci\u00f3n de esta plataforma en el sector p\u00fablico es un paso clave para la modernizaci\u00f3n y digitalizaci\u00f3n de los servicios gubernamentales, facilitando la prestaci\u00f3n de servicios m\u00e1s \u00e1giles y eficientes para los ciudadanos.<\/p>\n<p>La eGA ha destacado el trabajo de la OGTIC y su director Bartolom\u00e9 Pujals en la implementaci\u00f3n de X-Road en Espa\u00f1a, reconociendo su dedicaci\u00f3n y compromiso en la implementaci\u00f3n de esta plataforma y en la promoci\u00f3n de la interoperabilidad en el sector p\u00fablico. Gracias a estos esfuerzos, se han logrado avances significativos en la integraci\u00f3n de sistemas y en la mejora de la eficiencia y la transparencia en la gesti\u00f3n de los servicios gubernamentales.<\/p>\n<p>La cooperaci\u00f3n y colaboraci\u00f3n entre la eGA y la OGTIC son fundamentales para seguir impulsando la implementaci\u00f3n de sistemas X-Road y fomentar la adopci\u00f3n de buenas pr\u00e1cticas en materia de gobierno electr\u00f3nico. Ambas instituciones trabajan de manera conjunta para garantizar el \u00e9xito de la implementaci\u00f3n de esta plataforma en Espa\u00f1a y para seguir avanzando en la modernizaci\u00f3n y digitalizaci\u00f3n de los servicios p\u00fablicos.<\/p>\n<p>En este sentido, la eGA ha expresado su satisfacci\u00f3n por los logros alcanzados hasta el momento y ha felicitado a la OGTIC y a su director Bartolom\u00e9 Pujals por su excelente trabajo y su compromiso en la implementaci\u00f3n de X-Road. Estos reconocimientos son un est\u00edmulo para seguir trabajando en la promoci\u00f3n y la consolidaci\u00f3n de una administraci\u00f3n p\u00fablica m\u00e1s eficiente, transparente y orientada al ciudadano.<\/p>\n<p><img loading=\"lazy\" decoding=\"async\" class=\"alignnone size-medium wp-image-1079\" src=\"https:\/\/periodicolarepublica.com\/wp-content\/uploads\/2024\/06\/IMG_20240621_101003-300x275.jpg\" alt=\"\" width=\"300\" height=\"275\" srcset=\"https:\/\/periodicolarepublica.com\/wp-content\/uploads\/2024\/06\/IMG_20240621_101003-300x275.jpg?v=1718979044 300w, https:\/\/periodicolarepublica.com\/wp-content\/uploads\/2024\/06\/IMG_20240621_101003-768x704.jpg?v=1718979044 768w, https:\/\/periodicolarepublica.com\/wp-content\/uploads\/2024\/06\/IMG_20240621_101003-150x137.jpg?v=1718979044 150w, https:\/\/periodicolarepublica.com\/wp-content\/uploads\/2024\/06\/IMG_20240621_101003-600x550.jpg?v=1718979044 600w, https:\/\/periodicolarepublica.com\/wp-content\/uploads\/2024\/06\/IMG_20240621_101003-696x638.jpg?v=1718979044 696w, https:\/\/periodicolarepublica.com\/wp-content\/uploads\/2024\/06\/IMG_20240621_101003.jpg?v=1718979044 978w\" sizes=\"auto, (max-width: 300px) 100vw, 300px\" \/><\/p>\n","protected":false},"excerpt":{"rendered":"<p>La eGA, la academia de gobierno electr\u00f3nico de Estonia, ha reconocido y felicitado a la Oficina de Gobierno y Tecnolog\u00edas de la Informaci\u00f3n y la Comunicaci\u00f3n (OGTIC), en manos de su director Bartolom\u00e9 Pujals, por los importantes esfuerzos realizados en la implementaci\u00f3n de la plataforma de interoperabilidad en el sector p\u00fablico y en la implementaci\u00f3n [&hellip;]<\/p>\n","protected":false},"author":1,"featured_media":1078,"comment_status":"open","ping_status":"open","sticky":false,"template":"","format":"standard","meta":{"om_disable_all_campaigns":false,"_monsterinsights_skip_tracking":false,"_monsterinsights_sitenote_active":false,"_monsterinsights_sitenote_note":"","_monsterinsights_sitenote_category":0,"footnotes":""},"categories":[1],"tags":[234,246],"class_list":{"0":"post-1077","1":"post","2":"type-post","3":"status-publish","4":"format-standard","5":"has-post-thumbnail","7":"category-nacionales","8":"tag-bartolome-pujals","9":"tag-ogtic"},"aioseo_notices":[],"_links":{"self":[{"href":"https:\/\/periodicolarepublica.com\/index.php\/wp-json\/wp\/v2\/posts\/1077","targetHints":{"allow":["GET"]}}],"collection":[{"href":"https:\/\/periodicolarepublica.com\/index.php\/wp-json\/wp\/v2\/posts"}],"about":[{"href":"https:\/\/periodicolarepublica.com\/index.php\/wp-json\/wp\/v2\/types\/post"}],"author":[{"embeddable":true,"href":"https:\/\/periodicolarepublica.com\/index.php\/wp-json\/wp\/v2\/users\/1"}],"replies":[{"embeddable":true,"href":"https:\/\/periodicolarepublica.com\/index.php\/wp-json\/wp\/v2\/comments?post=1077"}],"version-history":[{"count":1,"href":"https:\/\/periodicolarepublica.com\/index.php\/wp-json\/wp\/v2\/posts\/1077\/revisions"}],"predecessor-version":[{"id":1080,"href":"https:\/\/periodicolarepublica.com\/index.php\/wp-json\/wp\/v2\/posts\/1077\/revisions\/1080"}],"wp:featuredmedia":[{"embeddable":true,"href":"https:\/\/periodicolarepublica.com\/index.php\/wp-json\/wp\/v2\/media\/1078"}],"wp:attachment":[{"href":"https:\/\/periodicolarepublica.com\/index.php\/wp-json\/wp\/v2\/media?parent=1077"}],"wp:term":[{"taxonomy":"category","embeddable":true,"href":"https:\/\/periodicolarepublica.com\/index.php\/wp-json\/wp\/v2\/categories?post=1077"},{"taxonomy":"post_tag","embeddable":true,"href":"https:\/\/periodicolarepublica.com\/index.php\/wp-json\/wp\/v2\/tags?post=1077"}],"curies":[{"name":"wp","href":"https:\/\/api.w.org\/{rel}","templated":true}]}}