{"id":1082,"date":"2024-06-24T13:55:48","date_gmt":"2024-06-24T11:55:48","guid":{"rendered":"https:\/\/periodicolarepublica.com\/?p=1082"},"modified":"2024-06-24T13:55:48","modified_gmt":"2024-06-24T11:55:48","slug":"movimiento-poder-pal-pueblo-destaca-logros-del-presidente-abinader-en-cuatro-anos-de-gobierno","status":"publish","type":"post","link":"https:\/\/periodicolarepublica.com\/index.php\/2024\/06\/24\/movimiento-poder-pal-pueblo-destaca-logros-del-presidente-abinader-en-cuatro-anos-de-gobierno\/","title":{"rendered":"Movimiento Poder PA&#8217;L Pueblo destaca logros del presidente\u00a0 Abinader en cuatro a\u00f1os de gobierno"},"content":{"rendered":"\r\n<p><img loading=\"lazy\" decoding=\"async\" class=\"size-medium wp-image-1089 alignright\" src=\"https:\/\/periodicolarepublica.com\/wp-content\/uploads\/2024\/06\/FB_IMG_1705413389194-300x300.jpg\" alt=\"\" width=\"300\" height=\"300\" srcset=\"https:\/\/periodicolarepublica.com\/wp-content\/uploads\/2024\/06\/FB_IMG_1705413389194-300x300.jpg?v=1719230102 300w, https:\/\/periodicolarepublica.com\/wp-content\/uploads\/2024\/06\/FB_IMG_1705413389194-150x150.jpg?v=1719230102 150w, https:\/\/periodicolarepublica.com\/wp-content\/uploads\/2024\/06\/FB_IMG_1705413389194-600x600.jpg?v=1719230102 600w, https:\/\/periodicolarepublica.com\/wp-content\/uploads\/2024\/06\/FB_IMG_1705413389194-696x696.jpg?v=1719230102 696w, https:\/\/periodicolarepublica.com\/wp-content\/uploads\/2024\/06\/FB_IMG_1705413389194.jpg?v=1719230102 768w\" sizes=\"auto, (max-width: 300px) 100vw, 300px\" \/>Santo Domingo, R.D. \u2013\u00a0 El ingeniero Tom\u00e1s Hern\u00e1ndez Alberto, l\u00edder del Movimiento Poder PA&#8217;L Pueblo, resalt\u00f3 hoy los significativos avances y obras realizadas por el presidente Luis Abinader durante sus cuatro a\u00f1os de gesti\u00f3n, que han generado un impacto positivo en el desarrollo nacional.<br \/><br \/>Hern\u00e1ndez Alberto enfatiz\u00f3 que durante este primer cuatrienio, el presidente ha llevado a cabo inversiones sustanciales que beneficiar\u00e1n a la gran mayor\u00eda de la poblaci\u00f3n dominicana. <br \/><br \/>\u00abHe sido un defensor y promotor incansable del presidente Luis Abinader y su magn\u00edfica obra de gobierno\u00bb, afirm\u00f3. <br \/><br \/>Entre los logros m\u00e1s destacados, el dirigente pol\u00edtico destac\u00f3 la construcci\u00f3n de nuevas v\u00edas, la ampliaci\u00f3n de las l\u00edneas 1 y 2 del metro de Santo Domingo, as\u00ed como la implementaci\u00f3n del telef\u00e9rico y el monorriel en Santiago. <br \/><br \/>Adem\u00e1s, se\u00f1al\u00f3 la introducci\u00f3n de modernos autobuses en la capital, incluyendo beneficios espec\u00edficos para estudiantes de escuelas p\u00fablicas. <br \/><br \/>Hern\u00e1ndez Alberto tambi\u00e9n inform\u00f3 sobre la entrega de m\u00e1s de 7 mil apartamentos, la emisi\u00f3n de m\u00e1s de 84 mil certificados de propiedad, y la regulaci\u00f3n de salarios para servidores del Estado. <br \/><br \/>Asegur\u00f3 que el presidente Abinader ha sido el mandatario que m\u00e1s ha invertido en el bienestar de la poblaci\u00f3n en tan solo cuatro a\u00f1os de gesti\u00f3n.<\/p>\r\n","protected":false},"excerpt":{"rendered":"<p>Santo Domingo, R.D. \u2013\u00a0 El ingeniero Tom\u00e1s Hern\u00e1ndez Alberto, l\u00edder del Movimiento Poder PA&#8217;L Pueblo, resalt\u00f3 hoy los significativos avances y obras realizadas por el presidente Luis Abinader durante sus cuatro a\u00f1os de gesti\u00f3n, que han generado un impacto positivo en el desarrollo nacional. Hern\u00e1ndez Alberto enfatiz\u00f3 que durante este primer cuatrienio, el presidente ha [&hellip;]<\/p>\n","protected":false},"author":6,"featured_media":1089,"comment_status":"open","ping_status":"open","sticky":false,"template":"","format":"standard","meta":{"om_disable_all_campaigns":false,"_monsterinsights_skip_tracking":false,"_monsterinsights_sitenote_active":false,"_monsterinsights_sitenote_note":"","_monsterinsights_sitenote_category":0,"footnotes":""},"categories":[1],"tags":[85,164,163],"class_list":{"0":"post-1082","1":"post","2":"type-post","3":"status-publish","4":"format-standard","5":"has-post-thumbnail","7":"category-nacionales","8":"tag-luis-abinader","9":"tag-movimiento-poder-pal-pueblo","10":"tag-tomas-hernandez-alberto"},"aioseo_notices":[],"_links":{"self":[{"href":"https:\/\/periodicolarepublica.com\/index.php\/wp-json\/wp\/v2\/posts\/1082","targetHints":{"allow":["GET"]}}],"collection":[{"href":"https:\/\/periodicolarepublica.com\/index.php\/wp-json\/wp\/v2\/posts"}],"about":[{"href":"https:\/\/periodicolarepublica.com\/index.php\/wp-json\/wp\/v2\/types\/post"}],"author":[{"embeddable":true,"href":"https:\/\/periodicolarepublica.com\/index.php\/wp-json\/wp\/v2\/users\/6"}],"replies":[{"embeddable":true,"href":"https:\/\/periodicolarepublica.com\/index.php\/wp-json\/wp\/v2\/comments?post=1082"}],"version-history":[{"count":2,"href":"https:\/\/periodicolarepublica.com\/index.php\/wp-json\/wp\/v2\/posts\/1082\/revisions"}],"predecessor-version":[{"id":1090,"href":"https:\/\/periodicolarepublica.com\/index.php\/wp-json\/wp\/v2\/posts\/1082\/revisions\/1090"}],"wp:featuredmedia":[{"embeddable":true,"href":"https:\/\/periodicolarepublica.com\/index.php\/wp-json\/wp\/v2\/media\/1089"}],"wp:attachment":[{"href":"https:\/\/periodicolarepublica.com\/index.php\/wp-json\/wp\/v2\/media?parent=1082"}],"wp:term":[{"taxonomy":"category","embeddable":true,"href":"https:\/\/periodicolarepublica.com\/index.php\/wp-json\/wp\/v2\/categories?post=1082"},{"taxonomy":"post_tag","embeddable":true,"href":"https:\/\/periodicolarepublica.com\/index.php\/wp-json\/wp\/v2\/tags?post=1082"}],"curies":[{"name":"wp","href":"https:\/\/api.w.org\/{rel}","templated":true}]}}