{"id":1084,"date":"2024-06-23T05:24:49","date_gmt":"2024-06-23T03:24:49","guid":{"rendered":"https:\/\/periodicolarepublica.com\/?p=1084"},"modified":"2024-06-23T05:24:49","modified_gmt":"2024-06-23T03:24:49","slug":"inefi-realizara-sexta-y-ultima-jornada-del-torneo-de-atletismo-escolar-en-bayaguana","status":"publish","type":"post","link":"https:\/\/periodicolarepublica.com\/index.php\/2024\/06\/23\/inefi-realizara-sexta-y-ultima-jornada-del-torneo-de-atletismo-escolar-en-bayaguana\/","title":{"rendered":"INEFI realizar\u00e1 sexta y \u00faltima jornada del Torneo de Atletismo Escolar en Bayaguana"},"content":{"rendered":"<p>El Instituto Nacional de Educaci\u00f3n F\u00edsica (INEFI) realizar\u00e1 este s\u00e1bado, a partir de las nueve de la ma\u00f1ana, la etapa final del Torneo Nacional de Atletismo Escolar Masculino y Femenino U16-U18, justa que se llevar\u00e1 a cabo en la pista del Complejo Deportivo de Bayaguana, en Monte Plata.<\/p>\n<p><img loading=\"lazy\" decoding=\"async\" class=\"alignnone size-medium wp-image-1085\" src=\"https:\/\/periodicolarepublica.com\/wp-content\/uploads\/2024\/06\/PIE-DE-FOTO-1-ATLETISMO-ESCOLAR-300x225.jpeg\" alt=\"\" width=\"300\" height=\"225\" srcset=\"https:\/\/periodicolarepublica.com\/wp-content\/uploads\/2024\/06\/PIE-DE-FOTO-1-ATLETISMO-ESCOLAR-300x225.jpeg?v=1719113029 300w, https:\/\/periodicolarepublica.com\/wp-content\/uploads\/2024\/06\/PIE-DE-FOTO-1-ATLETISMO-ESCOLAR-1024x768.jpeg?v=1719113029 1024w, https:\/\/periodicolarepublica.com\/wp-content\/uploads\/2024\/06\/PIE-DE-FOTO-1-ATLETISMO-ESCOLAR-768x576.jpeg?v=1719113029 768w, https:\/\/periodicolarepublica.com\/wp-content\/uploads\/2024\/06\/PIE-DE-FOTO-1-ATLETISMO-ESCOLAR-1536x1152.jpeg?v=1719113029 1536w, https:\/\/periodicolarepublica.com\/wp-content\/uploads\/2024\/06\/PIE-DE-FOTO-1-ATLETISMO-ESCOLAR-150x113.jpeg?v=1719113029 150w, https:\/\/periodicolarepublica.com\/wp-content\/uploads\/2024\/06\/PIE-DE-FOTO-1-ATLETISMO-ESCOLAR-600x450.jpeg?v=1719113029 600w, https:\/\/periodicolarepublica.com\/wp-content\/uploads\/2024\/06\/PIE-DE-FOTO-1-ATLETISMO-ESCOLAR-696x522.jpeg?v=1719113029 696w, https:\/\/periodicolarepublica.com\/wp-content\/uploads\/2024\/06\/PIE-DE-FOTO-1-ATLETISMO-ESCOLAR-1392x1044.jpeg?v=1719113029 1392w, https:\/\/periodicolarepublica.com\/wp-content\/uploads\/2024\/06\/PIE-DE-FOTO-1-ATLETISMO-ESCOLAR-1068x801.jpeg?v=1719113029 1068w, https:\/\/periodicolarepublica.com\/wp-content\/uploads\/2024\/06\/PIE-DE-FOTO-1-ATLETISMO-ESCOLAR-265x198.jpeg?v=1719113029 265w, https:\/\/periodicolarepublica.com\/wp-content\/uploads\/2024\/06\/PIE-DE-FOTO-1-ATLETISMO-ESCOLAR-530x396.jpeg?v=1719113029 530w, https:\/\/periodicolarepublica.com\/wp-content\/uploads\/2024\/06\/PIE-DE-FOTO-1-ATLETISMO-ESCOLAR.jpeg?v=1719113029 1600w\" sizes=\"auto, (max-width: 300px) 100vw, 300px\" \/><\/p>\n<p>En el certamen han participado m\u00e1s de 3,600 alumnos que han visto acci\u00f3n en San Crist\u00f3bal, Santiago, Salcedo, Barahona y La Romana, en las etapas eliminatorias y este s\u00e1bado en la pista Luguel\u00edn Santos de Bayaguana.<\/p>\n<p>El director del INEFI, Alberto Rodr\u00edguez, resalt\u00f3 la importancia de este evento, uno de los principales torneos deportivos escolares que se realizan en la Rep\u00fablica Dominicana anualmente.<\/p>\n","protected":false},"excerpt":{"rendered":"<p>El Instituto Nacional de Educaci\u00f3n F\u00edsica (INEFI) realizar\u00e1 este s\u00e1bado, a partir de las nueve de la ma\u00f1ana, la etapa final del Torneo Nacional de Atletismo Escolar Masculino y Femenino U16-U18, justa que se llevar\u00e1 a cabo en la pista del Complejo Deportivo de Bayaguana, en Monte Plata. En el certamen han participado m\u00e1s de [&hellip;]<\/p>\n","protected":false},"author":1,"featured_media":1085,"comment_status":"open","ping_status":"open","sticky":false,"template":"","format":"standard","meta":{"om_disable_all_campaigns":false,"_monsterinsights_skip_tracking":false,"_monsterinsights_sitenote_active":false,"_monsterinsights_sitenote_note":"","_monsterinsights_sitenote_category":0,"footnotes":""},"categories":[21,1],"tags":[224],"class_list":{"0":"post-1084","1":"post","2":"type-post","3":"status-publish","4":"format-standard","5":"has-post-thumbnail","7":"category-deporte","8":"category-nacionales","9":"tag-inefi"},"aioseo_notices":[],"_links":{"self":[{"href":"https:\/\/periodicolarepublica.com\/index.php\/wp-json\/wp\/v2\/posts\/1084","targetHints":{"allow":["GET"]}}],"collection":[{"href":"https:\/\/periodicolarepublica.com\/index.php\/wp-json\/wp\/v2\/posts"}],"about":[{"href":"https:\/\/periodicolarepublica.com\/index.php\/wp-json\/wp\/v2\/types\/post"}],"author":[{"embeddable":true,"href":"https:\/\/periodicolarepublica.com\/index.php\/wp-json\/wp\/v2\/users\/1"}],"replies":[{"embeddable":true,"href":"https:\/\/periodicolarepublica.com\/index.php\/wp-json\/wp\/v2\/comments?post=1084"}],"version-history":[{"count":1,"href":"https:\/\/periodicolarepublica.com\/index.php\/wp-json\/wp\/v2\/posts\/1084\/revisions"}],"predecessor-version":[{"id":1086,"href":"https:\/\/periodicolarepublica.com\/index.php\/wp-json\/wp\/v2\/posts\/1084\/revisions\/1086"}],"wp:featuredmedia":[{"embeddable":true,"href":"https:\/\/periodicolarepublica.com\/index.php\/wp-json\/wp\/v2\/media\/1085"}],"wp:attachment":[{"href":"https:\/\/periodicolarepublica.com\/index.php\/wp-json\/wp\/v2\/media?parent=1084"}],"wp:term":[{"taxonomy":"category","embeddable":true,"href":"https:\/\/periodicolarepublica.com\/index.php\/wp-json\/wp\/v2\/categories?post=1084"},{"taxonomy":"post_tag","embeddable":true,"href":"https:\/\/periodicolarepublica.com\/index.php\/wp-json\/wp\/v2\/tags?post=1084"}],"curies":[{"name":"wp","href":"https:\/\/api.w.org\/{rel}","templated":true}]}}