{"id":1091,"date":"2024-06-25T14:56:23","date_gmt":"2024-06-25T12:56:23","guid":{"rendered":"https:\/\/periodicolarepublica.com\/?p=1091"},"modified":"2024-06-25T14:56:23","modified_gmt":"2024-06-25T12:56:23","slug":"jovenes-con-discapacidad-visual-volaran-por-primera-vez-con-arajet","status":"publish","type":"post","link":"https:\/\/periodicolarepublica.com\/index.php\/2024\/06\/25\/jovenes-con-discapacidad-visual-volaran-por-primera-vez-con-arajet\/","title":{"rendered":"J\u00f3venes con discapacidad visual volar\u00e1n por primera vez con Arajet"},"content":{"rendered":"<p>La l\u00ednea a\u00e9rea Arajet y la Fundaci\u00f3n Francina, ofrecen la oportunidad de volar por primera vez a j\u00f3venes con discapacidad visual que pertenecen a la Escuela de Liderazgo y Autonom\u00eda (ELA) de dicha entidad.<\/p>\n<p><img loading=\"lazy\" decoding=\"async\" class=\"alignnone size-medium wp-image-1092\" src=\"https:\/\/periodicolarepublica.com\/wp-content\/uploads\/2024\/06\/Francina-Hungria-y-Victor-Pacheco-con-los-jovenes-beneficiados-300x200.jpg\" alt=\"\" width=\"300\" height=\"200\" srcset=\"https:\/\/periodicolarepublica.com\/wp-content\/uploads\/2024\/06\/Francina-Hungria-y-Victor-Pacheco-con-los-jovenes-beneficiados-300x200.jpg?v=1719320117 300w, https:\/\/periodicolarepublica.com\/wp-content\/uploads\/2024\/06\/Francina-Hungria-y-Victor-Pacheco-con-los-jovenes-beneficiados-1024x683.jpg?v=1719320117 1024w, https:\/\/periodicolarepublica.com\/wp-content\/uploads\/2024\/06\/Francina-Hungria-y-Victor-Pacheco-con-los-jovenes-beneficiados-768x512.jpg?v=1719320117 768w, https:\/\/periodicolarepublica.com\/wp-content\/uploads\/2024\/06\/Francina-Hungria-y-Victor-Pacheco-con-los-jovenes-beneficiados-1536x1024.jpg?v=1719320117 1536w, https:\/\/periodicolarepublica.com\/wp-content\/uploads\/2024\/06\/Francina-Hungria-y-Victor-Pacheco-con-los-jovenes-beneficiados-2048x1365.jpg?v=1719320117 2048w, https:\/\/periodicolarepublica.com\/wp-content\/uploads\/2024\/06\/Francina-Hungria-y-Victor-Pacheco-con-los-jovenes-beneficiados-150x100.jpg?v=1719320117 150w, https:\/\/periodicolarepublica.com\/wp-content\/uploads\/2024\/06\/Francina-Hungria-y-Victor-Pacheco-con-los-jovenes-beneficiados-600x400.jpg?v=1719320117 600w, https:\/\/periodicolarepublica.com\/wp-content\/uploads\/2024\/06\/Francina-Hungria-y-Victor-Pacheco-con-los-jovenes-beneficiados-696x464.jpg?v=1719320117 696w, https:\/\/periodicolarepublica.com\/wp-content\/uploads\/2024\/06\/Francina-Hungria-y-Victor-Pacheco-con-los-jovenes-beneficiados-1392x928.jpg?v=1719320117 1392w, https:\/\/periodicolarepublica.com\/wp-content\/uploads\/2024\/06\/Francina-Hungria-y-Victor-Pacheco-con-los-jovenes-beneficiados-1068x712.jpg?v=1719320117 1068w, https:\/\/periodicolarepublica.com\/wp-content\/uploads\/2024\/06\/Francina-Hungria-y-Victor-Pacheco-con-los-jovenes-beneficiados-1920x1280.jpg?v=1719320117 1920w\" sizes=\"auto, (max-width: 300px) 100vw, 300px\" \/><\/p>\n<p>Arajet, la aerol\u00ednea de precios bajos del caribe, a trav\u00e9s de su programa de responsabilidad social \u201cMi primer vuelo\u201d se uni\u00f3 a la Fundaci\u00f3n Francina Hungr\u00eda para que seis de sus estudiantes vuelen por primera vez, de manera gratuita y puedan vivir la experiencia de volar y visitar otro pa\u00eds.<\/p>\n<p>El acto estuvo encabezado por Victor Pacheco, CEO y Fundador de Arajet, y Francina Hungr\u00eda, representante de la fundaci\u00f3n que lleva su nombre, quienes tambi\u00e9n acordaron promover pr\u00e1cticas que puedan fortalecer la accesibilidad y la participaci\u00f3n en los sectores productivos de las personas con discapacidad visual.<\/p>\n","protected":false},"excerpt":{"rendered":"<p>La l\u00ednea a\u00e9rea Arajet y la Fundaci\u00f3n Francina, ofrecen la oportunidad de volar por primera vez a j\u00f3venes con discapacidad visual que pertenecen a la Escuela de Liderazgo y Autonom\u00eda (ELA) de dicha entidad. Arajet, la aerol\u00ednea de precios bajos del caribe, a trav\u00e9s de su programa de responsabilidad social \u201cMi primer vuelo\u201d se uni\u00f3 [&hellip;]<\/p>\n","protected":false},"author":1,"featured_media":1092,"comment_status":"open","ping_status":"open","sticky":false,"template":"","format":"standard","meta":{"om_disable_all_campaigns":false,"_monsterinsights_skip_tracking":false,"_monsterinsights_sitenote_active":false,"_monsterinsights_sitenote_note":"","_monsterinsights_sitenote_category":0,"footnotes":""},"categories":[1,20],"tags":[104,106,247],"class_list":{"0":"post-1091","1":"post","2":"type-post","3":"status-publish","4":"format-standard","5":"has-post-thumbnail","7":"category-nacionales","8":"category-turismo","9":"tag-arajet","10":"tag-boletos-aereos","11":"tag-francina-hungria"},"aioseo_notices":[],"_links":{"self":[{"href":"https:\/\/periodicolarepublica.com\/index.php\/wp-json\/wp\/v2\/posts\/1091","targetHints":{"allow":["GET"]}}],"collection":[{"href":"https:\/\/periodicolarepublica.com\/index.php\/wp-json\/wp\/v2\/posts"}],"about":[{"href":"https:\/\/periodicolarepublica.com\/index.php\/wp-json\/wp\/v2\/types\/post"}],"author":[{"embeddable":true,"href":"https:\/\/periodicolarepublica.com\/index.php\/wp-json\/wp\/v2\/users\/1"}],"replies":[{"embeddable":true,"href":"https:\/\/periodicolarepublica.com\/index.php\/wp-json\/wp\/v2\/comments?post=1091"}],"version-history":[{"count":1,"href":"https:\/\/periodicolarepublica.com\/index.php\/wp-json\/wp\/v2\/posts\/1091\/revisions"}],"predecessor-version":[{"id":1093,"href":"https:\/\/periodicolarepublica.com\/index.php\/wp-json\/wp\/v2\/posts\/1091\/revisions\/1093"}],"wp:featuredmedia":[{"embeddable":true,"href":"https:\/\/periodicolarepublica.com\/index.php\/wp-json\/wp\/v2\/media\/1092"}],"wp:attachment":[{"href":"https:\/\/periodicolarepublica.com\/index.php\/wp-json\/wp\/v2\/media?parent=1091"}],"wp:term":[{"taxonomy":"category","embeddable":true,"href":"https:\/\/periodicolarepublica.com\/index.php\/wp-json\/wp\/v2\/categories?post=1091"},{"taxonomy":"post_tag","embeddable":true,"href":"https:\/\/periodicolarepublica.com\/index.php\/wp-json\/wp\/v2\/tags?post=1091"}],"curies":[{"name":"wp","href":"https:\/\/api.w.org\/{rel}","templated":true}]}}