{"id":1104,"date":"2024-06-28T20:37:01","date_gmt":"2024-06-28T18:37:01","guid":{"rendered":"https:\/\/periodicolarepublica.com\/?p=1104"},"modified":"2024-06-28T20:37:01","modified_gmt":"2024-06-28T18:37:01","slug":"inefi-con-el-barrio-a-la-escuela-pituca-flores-del-sector-las-canitas","status":"publish","type":"post","link":"https:\/\/periodicolarepublica.com\/index.php\/2024\/06\/28\/inefi-con-el-barrio-a-la-escuela-pituca-flores-del-sector-las-canitas\/","title":{"rendered":"\u201cINEFI con el Barrio\u201d a la Escuela Pituca Flores, del sector Las Ca\u00f1itas"},"content":{"rendered":"<p>Con el objetivo de promover la sana recreaci\u00f3n y acercar a ni\u00f1os y j\u00f3venes de los diversos sectores de nuestro pa\u00eds al deporte, el Instituto Nacional de Educaci\u00f3n F\u00edsica llev\u00f3 este viernes su programa \u201cINEFI con el Barrio\u201d a la Escuela Pituca Flores, del sector Las Ca\u00f1itas, de esta ciudad.<\/p>\n<p><img loading=\"lazy\" decoding=\"async\" class=\"alignnone size-medium wp-image-1105\" src=\"https:\/\/periodicolarepublica.com\/wp-content\/uploads\/2024\/06\/PIE-DE-FOTO-1-ALBERTO-MOQUETE-PADRE-JOSELITO-FELIX-DIAZ-MARIA-GARCIA-GINA-MAMBRU-300x200.jpeg\" alt=\"\" width=\"300\" height=\"200\" srcset=\"https:\/\/periodicolarepublica.com\/wp-content\/uploads\/2024\/06\/PIE-DE-FOTO-1-ALBERTO-MOQUETE-PADRE-JOSELITO-FELIX-DIAZ-MARIA-GARCIA-GINA-MAMBRU-300x200.jpeg?v=1719599697 300w, https:\/\/periodicolarepublica.com\/wp-content\/uploads\/2024\/06\/PIE-DE-FOTO-1-ALBERTO-MOQUETE-PADRE-JOSELITO-FELIX-DIAZ-MARIA-GARCIA-GINA-MAMBRU-1024x683.jpeg?v=1719599697 1024w, https:\/\/periodicolarepublica.com\/wp-content\/uploads\/2024\/06\/PIE-DE-FOTO-1-ALBERTO-MOQUETE-PADRE-JOSELITO-FELIX-DIAZ-MARIA-GARCIA-GINA-MAMBRU-768x512.jpeg?v=1719599697 768w, https:\/\/periodicolarepublica.com\/wp-content\/uploads\/2024\/06\/PIE-DE-FOTO-1-ALBERTO-MOQUETE-PADRE-JOSELITO-FELIX-DIAZ-MARIA-GARCIA-GINA-MAMBRU-1536x1024.jpeg?v=1719599697 1536w, https:\/\/periodicolarepublica.com\/wp-content\/uploads\/2024\/06\/PIE-DE-FOTO-1-ALBERTO-MOQUETE-PADRE-JOSELITO-FELIX-DIAZ-MARIA-GARCIA-GINA-MAMBRU-2048x1365.jpeg?v=1719599697 2048w, https:\/\/periodicolarepublica.com\/wp-content\/uploads\/2024\/06\/PIE-DE-FOTO-1-ALBERTO-MOQUETE-PADRE-JOSELITO-FELIX-DIAZ-MARIA-GARCIA-GINA-MAMBRU-150x100.jpeg?v=1719599697 150w, https:\/\/periodicolarepublica.com\/wp-content\/uploads\/2024\/06\/PIE-DE-FOTO-1-ALBERTO-MOQUETE-PADRE-JOSELITO-FELIX-DIAZ-MARIA-GARCIA-GINA-MAMBRU-600x400.jpeg?v=1719599697 600w, https:\/\/periodicolarepublica.com\/wp-content\/uploads\/2024\/06\/PIE-DE-FOTO-1-ALBERTO-MOQUETE-PADRE-JOSELITO-FELIX-DIAZ-MARIA-GARCIA-GINA-MAMBRU-696x464.jpeg?v=1719599697 696w, https:\/\/periodicolarepublica.com\/wp-content\/uploads\/2024\/06\/PIE-DE-FOTO-1-ALBERTO-MOQUETE-PADRE-JOSELITO-FELIX-DIAZ-MARIA-GARCIA-GINA-MAMBRU-1392x928.jpeg?v=1719599697 1392w, https:\/\/periodicolarepublica.com\/wp-content\/uploads\/2024\/06\/PIE-DE-FOTO-1-ALBERTO-MOQUETE-PADRE-JOSELITO-FELIX-DIAZ-MARIA-GARCIA-GINA-MAMBRU-1068x712.jpeg?v=1719599697 1068w, https:\/\/periodicolarepublica.com\/wp-content\/uploads\/2024\/06\/PIE-DE-FOTO-1-ALBERTO-MOQUETE-PADRE-JOSELITO-FELIX-DIAZ-MARIA-GARCIA-GINA-MAMBRU-1920x1280.jpeg?v=1719599697 1920w\" sizes=\"auto, (max-width: 300px) 100vw, 300px\" \/><\/p>\n<p>Alberto Rodr\u00edguez Mella, director ejecutivo del INEFI, encabez\u00f3 la actividad, en la que se llevaron a cabo partidos de ajedrez, b\u00e1dminton, baloncesto, boxeo, karate, voleibol y una jornada odontol\u00f3gica.<\/p>\n<p>&nbsp;<\/p>\n","protected":false},"excerpt":{"rendered":"<p>Con el objetivo de promover la sana recreaci\u00f3n y acercar a ni\u00f1os y j\u00f3venes de los diversos sectores de nuestro pa\u00eds al deporte, el Instituto Nacional de Educaci\u00f3n F\u00edsica llev\u00f3 este viernes su programa \u201cINEFI con el Barrio\u201d a la Escuela Pituca Flores, del sector Las Ca\u00f1itas, de esta ciudad. Alberto Rodr\u00edguez Mella, director ejecutivo [&hellip;]<\/p>\n","protected":false},"author":6,"featured_media":1105,"comment_status":"open","ping_status":"open","sticky":false,"template":"","format":"standard","meta":{"om_disable_all_campaigns":false,"_monsterinsights_skip_tracking":false,"_monsterinsights_sitenote_active":false,"_monsterinsights_sitenote_note":"","_monsterinsights_sitenote_category":0,"footnotes":""},"categories":[21,1],"tags":[223,225,224],"class_list":{"0":"post-1104","1":"post","2":"type-post","3":"status-publish","4":"format-standard","5":"has-post-thumbnail","7":"category-deporte","8":"category-nacionales","9":"tag-alberto-rodriguez","10":"tag-deportes","11":"tag-inefi"},"aioseo_notices":[],"_links":{"self":[{"href":"https:\/\/periodicolarepublica.com\/index.php\/wp-json\/wp\/v2\/posts\/1104","targetHints":{"allow":["GET"]}}],"collection":[{"href":"https:\/\/periodicolarepublica.com\/index.php\/wp-json\/wp\/v2\/posts"}],"about":[{"href":"https:\/\/periodicolarepublica.com\/index.php\/wp-json\/wp\/v2\/types\/post"}],"author":[{"embeddable":true,"href":"https:\/\/periodicolarepublica.com\/index.php\/wp-json\/wp\/v2\/users\/6"}],"replies":[{"embeddable":true,"href":"https:\/\/periodicolarepublica.com\/index.php\/wp-json\/wp\/v2\/comments?post=1104"}],"version-history":[{"count":1,"href":"https:\/\/periodicolarepublica.com\/index.php\/wp-json\/wp\/v2\/posts\/1104\/revisions"}],"predecessor-version":[{"id":1106,"href":"https:\/\/periodicolarepublica.com\/index.php\/wp-json\/wp\/v2\/posts\/1104\/revisions\/1106"}],"wp:featuredmedia":[{"embeddable":true,"href":"https:\/\/periodicolarepublica.com\/index.php\/wp-json\/wp\/v2\/media\/1105"}],"wp:attachment":[{"href":"https:\/\/periodicolarepublica.com\/index.php\/wp-json\/wp\/v2\/media?parent=1104"}],"wp:term":[{"taxonomy":"category","embeddable":true,"href":"https:\/\/periodicolarepublica.com\/index.php\/wp-json\/wp\/v2\/categories?post=1104"},{"taxonomy":"post_tag","embeddable":true,"href":"https:\/\/periodicolarepublica.com\/index.php\/wp-json\/wp\/v2\/tags?post=1104"}],"curies":[{"name":"wp","href":"https:\/\/api.w.org\/{rel}","templated":true}]}}