{"id":1108,"date":"2024-06-28T21:07:33","date_gmt":"2024-06-28T19:07:33","guid":{"rendered":"https:\/\/periodicolarepublica.com\/?p=1108"},"modified":"2024-06-28T21:07:33","modified_gmt":"2024-06-28T19:07:33","slug":"director-de-pasaporte-se-reune-con-mirex-en-embajada-americana-para-mejorar","status":"publish","type":"post","link":"https:\/\/periodicolarepublica.com\/index.php\/2024\/06\/28\/director-de-pasaporte-se-reune-con-mirex-en-embajada-americana-para-mejorar\/","title":{"rendered":"Director de pasaporte se re\u00fane con MIREX en embajada americana para mejorar\u00a0"},"content":{"rendered":"<p style=\"text-align: left;\">Lorenzo Ram\u00edrez, director de la oficina de pasaporte dominicano se reuni\u00f3 con una representaci\u00f3n del Ministerio de Relaciones Exteriores (MIREX) en una visita a la embajada americana con el objetivo de socializar mejoras en los procesos, ofrecer capacitaciones y promover la transparencia y seguridad en el manejo de los documentos de viaje.<\/p>\n<p><img loading=\"lazy\" decoding=\"async\" class=\"alignnone size-medium wp-image-1109\" src=\"https:\/\/periodicolarepublica.com\/wp-content\/uploads\/2024\/06\/Picsart_24-06-28_14-54-49-689-300x242.jpg\" alt=\"\" width=\"300\" height=\"242\" srcset=\"https:\/\/periodicolarepublica.com\/wp-content\/uploads\/2024\/06\/Picsart_24-06-28_14-54-49-689-300x242.jpg?v=1719601584 300w, https:\/\/periodicolarepublica.com\/wp-content\/uploads\/2024\/06\/Picsart_24-06-28_14-54-49-689-1024x827.jpg?v=1719601584 1024w, https:\/\/periodicolarepublica.com\/wp-content\/uploads\/2024\/06\/Picsart_24-06-28_14-54-49-689-768x620.jpg?v=1719601584 768w, https:\/\/periodicolarepublica.com\/wp-content\/uploads\/2024\/06\/Picsart_24-06-28_14-54-49-689-1536x1240.jpg?v=1719601584 1536w, https:\/\/periodicolarepublica.com\/wp-content\/uploads\/2024\/06\/Picsart_24-06-28_14-54-49-689-2048x1654.jpg?v=1719601584 2048w, https:\/\/periodicolarepublica.com\/wp-content\/uploads\/2024\/06\/Picsart_24-06-28_14-54-49-689-150x121.jpg?v=1719601584 150w, https:\/\/periodicolarepublica.com\/wp-content\/uploads\/2024\/06\/Picsart_24-06-28_14-54-49-689-600x484.jpg?v=1719601584 600w, https:\/\/periodicolarepublica.com\/wp-content\/uploads\/2024\/06\/Picsart_24-06-28_14-54-49-689-696x562.jpg?v=1719601584 696w, https:\/\/periodicolarepublica.com\/wp-content\/uploads\/2024\/06\/Picsart_24-06-28_14-54-49-689-1392x1124.jpg?v=1719601584 1392w, https:\/\/periodicolarepublica.com\/wp-content\/uploads\/2024\/06\/Picsart_24-06-28_14-54-49-689-1068x862.jpg?v=1719601584 1068w, https:\/\/periodicolarepublica.com\/wp-content\/uploads\/2024\/06\/Picsart_24-06-28_14-54-49-689-1920x1550.jpg?v=1719601584 1920w\" sizes=\"auto, (max-width: 300px) 100vw, 300px\" \/><\/p>\n<p>Interesante ver lo activo, que esta el nuevo director de la instituci\u00f3n, buscando avanzar en la misma, la cual estaba pasando por una alta demanda y habia recibido\u00a0 criticas con el servicio, pero bajo bajo la nueva direcci\u00f3n, se esperan grandes cambios a favor de la poblaci\u00f3n.<\/p>\n<p>Las autoridades reunidas en la embajada,\u00a0 buscan la socializaci\u00f3n\u00a0 para un servicio eficiente y seguro a los ciudadanos dominicanos que requieren de un pasaporte para viajar al extranjero. Asimismo, ha resaltado la necesidad de implementar medidas que brinden mayor transparencia en la emisi\u00f3n de los documentos y que protejan la informaci\u00f3n personal de los solicitantes, seg\u00fan se pudo verificar en la publicaci\u00f3n realizada en las redes sociales.<\/p>\n<p>As\u00ed, que se esperan mejoras de\u00a0 los procesos de solicitud, renovaci\u00f3n y entrega de pasaportes, as\u00ed como para establecer mecanismos de capacitaci\u00f3n continua para el personal encargado de la emisi\u00f3n de estos documentos.<\/p>\n","protected":false},"excerpt":{"rendered":"<p>Lorenzo Ram\u00edrez, director de la oficina de pasaporte dominicano se reuni\u00f3 con una representaci\u00f3n del Ministerio de Relaciones Exteriores (MIREX) en una visita a la embajada americana con el objetivo de socializar mejoras en los procesos, ofrecer capacitaciones y promover la transparencia y seguridad en el manejo de los documentos de viaje. Interesante ver lo [&hellip;]<\/p>\n","protected":false},"author":1,"featured_media":1109,"comment_status":"open","ping_status":"open","sticky":false,"template":"","format":"standard","meta":{"om_disable_all_campaigns":false,"_monsterinsights_skip_tracking":false,"_monsterinsights_sitenote_active":false,"_monsterinsights_sitenote_note":"","_monsterinsights_sitenote_category":0,"footnotes":""},"categories":[1],"tags":[251,249,252,250],"class_list":{"0":"post-1108","1":"post","2":"type-post","3":"status-publish","4":"format-standard","5":"has-post-thumbnail","7":"category-nacionales","8":"tag-cita-de-pasaportes","9":"tag-lorenzo-ramirez","10":"tag-pasaporte-online","11":"tag-pasaportes"},"aioseo_notices":[],"_links":{"self":[{"href":"https:\/\/periodicolarepublica.com\/index.php\/wp-json\/wp\/v2\/posts\/1108","targetHints":{"allow":["GET"]}}],"collection":[{"href":"https:\/\/periodicolarepublica.com\/index.php\/wp-json\/wp\/v2\/posts"}],"about":[{"href":"https:\/\/periodicolarepublica.com\/index.php\/wp-json\/wp\/v2\/types\/post"}],"author":[{"embeddable":true,"href":"https:\/\/periodicolarepublica.com\/index.php\/wp-json\/wp\/v2\/users\/1"}],"replies":[{"embeddable":true,"href":"https:\/\/periodicolarepublica.com\/index.php\/wp-json\/wp\/v2\/comments?post=1108"}],"version-history":[{"count":1,"href":"https:\/\/periodicolarepublica.com\/index.php\/wp-json\/wp\/v2\/posts\/1108\/revisions"}],"predecessor-version":[{"id":1110,"href":"https:\/\/periodicolarepublica.com\/index.php\/wp-json\/wp\/v2\/posts\/1108\/revisions\/1110"}],"wp:featuredmedia":[{"embeddable":true,"href":"https:\/\/periodicolarepublica.com\/index.php\/wp-json\/wp\/v2\/media\/1109"}],"wp:attachment":[{"href":"https:\/\/periodicolarepublica.com\/index.php\/wp-json\/wp\/v2\/media?parent=1108"}],"wp:term":[{"taxonomy":"category","embeddable":true,"href":"https:\/\/periodicolarepublica.com\/index.php\/wp-json\/wp\/v2\/categories?post=1108"},{"taxonomy":"post_tag","embeddable":true,"href":"https:\/\/periodicolarepublica.com\/index.php\/wp-json\/wp\/v2\/tags?post=1108"}],"curies":[{"name":"wp","href":"https:\/\/api.w.org\/{rel}","templated":true}]}}