{"id":1118,"date":"2024-06-30T00:07:36","date_gmt":"2024-06-29T22:07:36","guid":{"rendered":"https:\/\/periodicolarepublica.com\/?p=1118"},"modified":"2024-06-30T00:07:59","modified_gmt":"2024-06-29T22:07:59","slug":"adn-refuerza-trabajos-preventivos-de-limpieza-de-imbornales-y-filtrantes-ante-el-paso-del-huracan-beryl","status":"publish","type":"post","link":"https:\/\/periodicolarepublica.com\/index.php\/2024\/06\/30\/adn-refuerza-trabajos-preventivos-de-limpieza-de-imbornales-y-filtrantes-ante-el-paso-del-huracan-beryl\/","title":{"rendered":"ADN refuerza trabajos preventivos de limpieza de imbornales y filtrantes ante el paso del hurac\u00e1n Beryl"},"content":{"rendered":"<p>La alcald\u00eda dispone de 292 bomberos permanentes y 450 voluntarios que estar\u00e1n activos para dar respuesta a cualquier situaci\u00f3n de emergencia.<\/p>\n<p><img loading=\"lazy\" decoding=\"async\" class=\"alignnone size-medium wp-image-1119\" src=\"https:\/\/periodicolarepublica.com\/wp-content\/uploads\/2024\/06\/IMG-20240629-WA0064-300x169.jpg\" alt=\"\" width=\"300\" height=\"169\" srcset=\"https:\/\/periodicolarepublica.com\/wp-content\/uploads\/2024\/06\/IMG-20240629-WA0064-300x169.jpg?v=1719698822 300w, https:\/\/periodicolarepublica.com\/wp-content\/uploads\/2024\/06\/IMG-20240629-WA0064-1024x576.jpg?v=1719698822 1024w, https:\/\/periodicolarepublica.com\/wp-content\/uploads\/2024\/06\/IMG-20240629-WA0064-768x432.jpg?v=1719698822 768w, https:\/\/periodicolarepublica.com\/wp-content\/uploads\/2024\/06\/IMG-20240629-WA0064-150x84.jpg?v=1719698822 150w, https:\/\/periodicolarepublica.com\/wp-content\/uploads\/2024\/06\/IMG-20240629-WA0064-600x338.jpg?v=1719698822 600w, https:\/\/periodicolarepublica.com\/wp-content\/uploads\/2024\/06\/IMG-20240629-WA0064-696x392.jpg?v=1719698822 696w, https:\/\/periodicolarepublica.com\/wp-content\/uploads\/2024\/06\/IMG-20240629-WA0064-1068x601.jpg?v=1719698822 1068w, https:\/\/periodicolarepublica.com\/wp-content\/uploads\/2024\/06\/IMG-20240629-WA0064.jpg?v=1719698822 1280w\" sizes=\"auto, (max-width: 300px) 100vw, 300px\" \/><\/p>\n<p>La Alcald\u00eda del Distrito Nacional inform\u00f3 que despleg\u00f3 un operativo intensivo de limpieza preventiva para contrarrestar los posibles efectos que se esperan en los pr\u00f3ximos d\u00edas, producto del hurac\u00e1n Beryl.<\/p>\n<p>El ayuntamiento reforz\u00f3 su acostumbrada jornada de limpieza de imbornales y filtrantes en puntos cr\u00edticos de la capital, as\u00ed como la disposici\u00f3n de 18 unidades de bomberos para mitigar los efectos que el fen\u00f3meno atmosf\u00e9rico pueda dejar a su paso por suelo dominicano.<\/p>\n<p>Asimismo, el jefe del Cuerpo de Bomberos del Distrito Nacional, general Jos\u00e9 Fr\u00f3meta Herasme, inform\u00f3 que la alcaldia dispone de 292 bomberos permanente y 450 voluntarios que estar\u00e1n activos para dar respuesta a cualquier situaci\u00f3n de emergencia.<\/p>\n<p>Uno de los puntos intervenidos es la avenida San Mart\u00edn, espec\u00edficamente debajo del elevado del V Centenario.<\/p>\n<p>Brigadas del ayuntamiento dan mantenimiento a las parrillas y colectores de la avenida 27 de Febrero esquina Caonabo. Tambi\u00e9n, limpiaron imbornales en intersecci\u00f3n de las avenidas R\u00f3mulo Betancourt y Privada.<\/p>\n<p>De Igual forma, la alcald\u00eda despleg\u00f3 brigadas en la intercesi\u00f3n de las avenidas Dr. Bernardo Defill\u00f3 con John F. Kennedy, en Villas Agr\u00edcolas y Los Restauradores.<\/p>\n<p>La Alcald\u00eda del Distrito Nacional pidi\u00f3 a la ciudadan\u00eda mantenerse vigilante ante los boletines meteorol\u00f3gicos de los organismos oficiales, as\u00ed como a las recomendaciones de las autoridades.<\/p>\n","protected":false},"excerpt":{"rendered":"<p>La alcald\u00eda dispone de 292 bomberos permanentes y 450 voluntarios que estar\u00e1n activos para dar respuesta a cualquier situaci\u00f3n de emergencia. La Alcald\u00eda del Distrito Nacional inform\u00f3 que despleg\u00f3 un operativo intensivo de limpieza preventiva para contrarrestar los posibles efectos que se esperan en los pr\u00f3ximos d\u00edas, producto del hurac\u00e1n Beryl. El ayuntamiento reforz\u00f3 su [&hellip;]<\/p>\n","protected":false},"author":6,"featured_media":1119,"comment_status":"open","ping_status":"open","sticky":false,"template":"","format":"standard","meta":{"om_disable_all_campaigns":false,"_monsterinsights_skip_tracking":false,"_monsterinsights_sitenote_active":false,"_monsterinsights_sitenote_note":"","_monsterinsights_sitenote_category":0,"footnotes":""},"categories":[1],"tags":[37,254,253],"class_list":{"0":"post-1118","1":"post","2":"type-post","3":"status-publish","4":"format-standard","5":"has-post-thumbnail","7":"category-nacionales","8":"tag-carolina-mejia","9":"tag-huracan-berly","10":"tag-lluvia"},"aioseo_notices":[],"_links":{"self":[{"href":"https:\/\/periodicolarepublica.com\/index.php\/wp-json\/wp\/v2\/posts\/1118","targetHints":{"allow":["GET"]}}],"collection":[{"href":"https:\/\/periodicolarepublica.com\/index.php\/wp-json\/wp\/v2\/posts"}],"about":[{"href":"https:\/\/periodicolarepublica.com\/index.php\/wp-json\/wp\/v2\/types\/post"}],"author":[{"embeddable":true,"href":"https:\/\/periodicolarepublica.com\/index.php\/wp-json\/wp\/v2\/users\/6"}],"replies":[{"embeddable":true,"href":"https:\/\/periodicolarepublica.com\/index.php\/wp-json\/wp\/v2\/comments?post=1118"}],"version-history":[{"count":1,"href":"https:\/\/periodicolarepublica.com\/index.php\/wp-json\/wp\/v2\/posts\/1118\/revisions"}],"predecessor-version":[{"id":1120,"href":"https:\/\/periodicolarepublica.com\/index.php\/wp-json\/wp\/v2\/posts\/1118\/revisions\/1120"}],"wp:featuredmedia":[{"embeddable":true,"href":"https:\/\/periodicolarepublica.com\/index.php\/wp-json\/wp\/v2\/media\/1119"}],"wp:attachment":[{"href":"https:\/\/periodicolarepublica.com\/index.php\/wp-json\/wp\/v2\/media?parent=1118"}],"wp:term":[{"taxonomy":"category","embeddable":true,"href":"https:\/\/periodicolarepublica.com\/index.php\/wp-json\/wp\/v2\/categories?post=1118"},{"taxonomy":"post_tag","embeddable":true,"href":"https:\/\/periodicolarepublica.com\/index.php\/wp-json\/wp\/v2\/tags?post=1118"}],"curies":[{"name":"wp","href":"https:\/\/api.w.org\/{rel}","templated":true}]}}