{"id":1130,"date":"2024-07-01T21:17:04","date_gmt":"2024-07-01T19:17:04","guid":{"rendered":"https:\/\/periodicolarepublica.com\/?p=1130"},"modified":"2024-07-01T21:17:04","modified_gmt":"2024-07-01T19:17:04","slug":"ministro-de-salud-publica-visita-el-laboratorio-nacional-de-salud-publica","status":"publish","type":"post","link":"https:\/\/periodicolarepublica.com\/index.php\/2024\/07\/01\/ministro-de-salud-publica-visita-el-laboratorio-nacional-de-salud-publica\/","title":{"rendered":"Ministro de Salud P\u00fablica visita el Laboratorio Nacional de Salud P\u00fablica"},"content":{"rendered":"\r\n<p><img loading=\"lazy\" decoding=\"async\" class=\"size-medium wp-image-920 alignright\" src=\"https:\/\/periodicolarepublica.com\/wp-content\/uploads\/2024\/05\/IMG-20240528-WA0060-300x200.jpg\" alt=\"\" width=\"300\" height=\"200\" srcset=\"https:\/\/periodicolarepublica.com\/wp-content\/uploads\/2024\/05\/IMG-20240528-WA0060-300x200.jpg?v=1716909109 300w, https:\/\/periodicolarepublica.com\/wp-content\/uploads\/2024\/05\/IMG-20240528-WA0060-1024x683.jpg?v=1716909109 1024w, https:\/\/periodicolarepublica.com\/wp-content\/uploads\/2024\/05\/IMG-20240528-WA0060-768x512.jpg?v=1716909109 768w, https:\/\/periodicolarepublica.com\/wp-content\/uploads\/2024\/05\/IMG-20240528-WA0060-150x100.jpg?v=1716909109 150w, https:\/\/periodicolarepublica.com\/wp-content\/uploads\/2024\/05\/IMG-20240528-WA0060-600x400.jpg?v=1716909109 600w, https:\/\/periodicolarepublica.com\/wp-content\/uploads\/2024\/05\/IMG-20240528-WA0060-696x464.jpg?v=1716909109 696w, https:\/\/periodicolarepublica.com\/wp-content\/uploads\/2024\/05\/IMG-20240528-WA0060-1068x712.jpg?v=1716909109 1068w, https:\/\/periodicolarepublica.com\/wp-content\/uploads\/2024\/05\/IMG-20240528-WA0060.jpg?v=1716909109 1080w\" sizes=\"auto, (max-width: 300px) 100vw, 300px\" \/>El Dr. V\u00edctor Atallah, Ministro de Salud P\u00fablica, realiz\u00f3 una visita al Laboratorio Nacional de Salud P\u00fablica Dr. Fernando Defillo esta ma\u00f1ana.<br \/><br \/><br \/><br \/>El Dr. V\u00edctor Atallah, Ministro de Salud P\u00fablica, visit\u00f3 el Laboratorio Nacional de Salud P\u00fablica Dr. Fernando Defillo en la ma\u00f1ana de hoy. Durante su recorrido, el Ministro tuvo la oportunidad de conocer de cerca las instalaciones y equipamiento del laboratorio, as\u00ed como conversar con el personal sobre los \u00faltimos avances y proyectos que se llevan a cabo. <br \/><br \/>El Laboratorio Nacional de Salud P\u00fablica juega un rol crucial en el sistema de salud p\u00fablica del pa\u00eds, realizando an\u00e1lisis, pruebas y monitoreo de enfermedades para respaldar la toma de decisiones informadas. La visita del Ministro demuestra el compromiso del Gobierno con fortalecer la capacidad y recursos del laboratorio. <br \/><br \/>\u00abEs importante que conozcamos de primera mano el trabajo que se realiza en el Laboratorio Nacional de Salud P\u00fablica. Su labor es fundamental para mantener la vigilancia epidemiol\u00f3gica y responder efectivamente a los desaf\u00edos de salud p\u00fablica\u00bb, coment\u00f3 el Ministro Atallah.<\/p>\r\n","protected":false},"excerpt":{"rendered":"<p>El Dr. V\u00edctor Atallah, Ministro de Salud P\u00fablica, realiz\u00f3 una visita al Laboratorio Nacional de Salud P\u00fablica Dr. Fernando Defillo esta ma\u00f1ana. El Dr. V\u00edctor Atallah, Ministro de Salud P\u00fablica, visit\u00f3 el Laboratorio Nacional de Salud P\u00fablica Dr. Fernando Defillo en la ma\u00f1ana de hoy. Durante su recorrido, el Ministro tuvo la oportunidad de conocer [&hellip;]<\/p>\n","protected":false},"author":6,"featured_media":920,"comment_status":"open","ping_status":"open","sticky":false,"template":"","format":"standard","meta":{"om_disable_all_campaigns":false,"_monsterinsights_skip_tracking":false,"_monsterinsights_sitenote_active":false,"_monsterinsights_sitenote_note":"","_monsterinsights_sitenote_category":0,"footnotes":""},"categories":[1],"tags":[159],"class_list":{"0":"post-1130","1":"post","2":"type-post","3":"status-publish","4":"format-standard","5":"has-post-thumbnail","7":"category-nacionales","8":"tag-ministro-de-salud-publica-victor-atallah"},"aioseo_notices":[],"_links":{"self":[{"href":"https:\/\/periodicolarepublica.com\/index.php\/wp-json\/wp\/v2\/posts\/1130","targetHints":{"allow":["GET"]}}],"collection":[{"href":"https:\/\/periodicolarepublica.com\/index.php\/wp-json\/wp\/v2\/posts"}],"about":[{"href":"https:\/\/periodicolarepublica.com\/index.php\/wp-json\/wp\/v2\/types\/post"}],"author":[{"embeddable":true,"href":"https:\/\/periodicolarepublica.com\/index.php\/wp-json\/wp\/v2\/users\/6"}],"replies":[{"embeddable":true,"href":"https:\/\/periodicolarepublica.com\/index.php\/wp-json\/wp\/v2\/comments?post=1130"}],"version-history":[{"count":2,"href":"https:\/\/periodicolarepublica.com\/index.php\/wp-json\/wp\/v2\/posts\/1130\/revisions"}],"predecessor-version":[{"id":1137,"href":"https:\/\/periodicolarepublica.com\/index.php\/wp-json\/wp\/v2\/posts\/1130\/revisions\/1137"}],"wp:featuredmedia":[{"embeddable":true,"href":"https:\/\/periodicolarepublica.com\/index.php\/wp-json\/wp\/v2\/media\/920"}],"wp:attachment":[{"href":"https:\/\/periodicolarepublica.com\/index.php\/wp-json\/wp\/v2\/media?parent=1130"}],"wp:term":[{"taxonomy":"category","embeddable":true,"href":"https:\/\/periodicolarepublica.com\/index.php\/wp-json\/wp\/v2\/categories?post=1130"},{"taxonomy":"post_tag","embeddable":true,"href":"https:\/\/periodicolarepublica.com\/index.php\/wp-json\/wp\/v2\/tags?post=1130"}],"curies":[{"name":"wp","href":"https:\/\/api.w.org\/{rel}","templated":true}]}}