{"id":1136,"date":"2024-07-02T16:13:19","date_gmt":"2024-07-02T14:13:19","guid":{"rendered":"https:\/\/periodicolarepublica.com\/?p=1136"},"modified":"2024-07-02T16:13:19","modified_gmt":"2024-07-02T14:13:19","slug":"premios-oriente-reconocera-destacadas-figuras-de-la-comunicacion-santiaguera","status":"publish","type":"post","link":"https:\/\/periodicolarepublica.com\/index.php\/2024\/07\/02\/premios-oriente-reconocera-destacadas-figuras-de-la-comunicacion-santiaguera\/","title":{"rendered":"Premios Oriente reconocer\u00e1 destacadas figuras de la comunicaci\u00f3n santiaguera"},"content":{"rendered":"\r\n<p><img loading=\"lazy\" decoding=\"async\" class=\"size-medium wp-image-1140 alignright\" src=\"https:\/\/periodicolarepublica.com\/wp-content\/uploads\/2024\/07\/FB_IMG_1719929389513-250x300.jpg\" alt=\"\" width=\"250\" height=\"300\" srcset=\"https:\/\/periodicolarepublica.com\/wp-content\/uploads\/2024\/07\/FB_IMG_1719929389513-250x300.jpg?v=1719929563 250w, https:\/\/periodicolarepublica.com\/wp-content\/uploads\/2024\/07\/FB_IMG_1719929389513-854x1024.jpg?v=1719929563 854w, https:\/\/periodicolarepublica.com\/wp-content\/uploads\/2024\/07\/FB_IMG_1719929389513-768x920.jpg?v=1719929563 768w, https:\/\/periodicolarepublica.com\/wp-content\/uploads\/2024\/07\/FB_IMG_1719929389513-150x180.jpg?v=1719929563 150w, https:\/\/periodicolarepublica.com\/wp-content\/uploads\/2024\/07\/FB_IMG_1719929389513-300x360.jpg?v=1719929563 300w, https:\/\/periodicolarepublica.com\/wp-content\/uploads\/2024\/07\/FB_IMG_1719929389513-600x719.jpg?v=1719929563 600w, https:\/\/periodicolarepublica.com\/wp-content\/uploads\/2024\/07\/FB_IMG_1719929389513-696x834.jpg?v=1719929563 696w, https:\/\/periodicolarepublica.com\/wp-content\/uploads\/2024\/07\/FB_IMG_1719929389513.jpg?v=1719929563 1068w\" sizes=\"auto, (max-width: 250px) 100vw, 250px\" \/>Por Alexis Rodr\u00edguez <br \/><br \/>En su vig\u00e9sima novena edici\u00f3n Premios Oriente reconocer\u00e1, entre otros tantos, a cinco importantes comunicadores que han desarrollado su carrera en la ciudad de Santiago de los Caballeros, los cuales ser\u00e1n honrados el domingo 28 de julio en el Sal\u00f3n de Embajadores de Bayahibe, La Romana. <br \/><br \/>La premiaci\u00f3n anual que dirige el comunicador JC Mart\u00ednez cada a\u00f1o se consolida como una de las m\u00e1s destacadas y esperadas, honrando a figuras e instituciones del \u00e1mbito art\u00edstico, comunicacional, empresarial, pol\u00edtico y social que influyen en la Regi\u00f3n Este de la Rep\u00fablica Dominicana. <br \/><br \/>Don Ram\u00f3n de Luna, B\u00e9lgica Su\u00e1rez, Nelson Javier, \u00c1gueda Alejo y Frank Burgos ser\u00e1n distinguidos en Premios Oriente en su edici\u00f3n n\u00famero 29, y desde ya reina gran expectativa en torno a su elecci\u00f3n por la trascendecia de sus trabajos en los medios de comunicaci\u00f3n. <br \/><br \/>Don Ram\u00f3n de Luna, La Voz de Oro, Premio Nacional de Periodismo 2021, Padre del Periodismo Radial en el Cibao, oriundo del Seibo, desde 1952 radicado en Santiago de los Caballeros desde donde se ha consagrado y ganado el respeto de todos en sus 76 a\u00f1os de ejercicio como profesional del micr\u00f3fono. Condecorado con la Orden al M\u00e9rito de Duarte, S\u00e1nchez y Mella en el Grado de Oficial. <br \/><br \/>B\u00e9lgica Su\u00e1rez, La Reina de Las Noches de la Televisi\u00f3n Santiaguera, periodista, locutora, publicista, productora de programas de radio y televisi\u00f3n, nacida en la Ciudad Coraz\u00f3n, con una trayectoria de m\u00e1s de 4 d\u00e9cadas en los medios de comunicaci\u00f3n. <br \/><br \/>Nelson Javier, conocido como \u00abEl Cocodrillo\u00bb, una de las figuras m\u00e1s importantes de la comunicaci\u00f3n del pa\u00eds, nacido en San Francisco de Macor\u00eds, radicado en la ciudad de Santiago de los Caballeros desde donde ha dado a conocer su talento, versatilidad, dinamismo, profesionalidad y su alto nivel de sensibilidad social, en sus m\u00e1s de 4 d\u00e9cadas en los medios de comunicaci\u00f3n. Ha recibido m\u00faltiples reconocimientos y premios, entre esos, varias estatuillas de Premios Soberano. <br \/><br \/>\u00c1gueda Alejo, Primera Mujer en presidir la Asociaci\u00f3n de Locutores de Santiago (ALS), nacida en San Francisco de Macor\u00eds, con m\u00e1s de 40 a\u00f1os en los medios, destac\u00e1ndose en la producci\u00f3n y conducci\u00f3n de programas de radio y televisi\u00f3n orientados a resolver problemas comunitarios, empoderar las mujeres y a fortalecer la familia, caracterizada por su facilidad para hacer empat\u00eda con los dem\u00e1s, por su positivismo y su gran vocaci\u00f3n de servicio. <br \/><br \/>Frank Burgos, La Voz Oficial de la Emisora Z-101, orgullo santiaguero, con m\u00e1s de 57 a\u00f1os en los medios de comunicaci\u00f3n, un gran transformador e innovador de la radio, con valios\u00edsimos aportes; actualmente forma parte del staff del programa El Poder de la Ma\u00f1ana que se transmite por Oxigeno 102.5 FM, del circuito Medios del Norte.<\/p>\r\n","protected":false},"excerpt":{"rendered":"<p>Por Alexis Rodr\u00edguez En su vig\u00e9sima novena edici\u00f3n Premios Oriente reconocer\u00e1, entre otros tantos, a cinco importantes comunicadores que han desarrollado su carrera en la ciudad de Santiago de los Caballeros, los cuales ser\u00e1n honrados el domingo 28 de julio en el Sal\u00f3n de Embajadores de Bayahibe, La Romana. La premiaci\u00f3n anual que dirige el [&hellip;]<\/p>\n","protected":false},"author":6,"featured_media":1140,"comment_status":"open","ping_status":"open","sticky":false,"template":"","format":"standard","meta":{"om_disable_all_campaigns":false,"_monsterinsights_skip_tracking":false,"_monsterinsights_sitenote_active":false,"_monsterinsights_sitenote_note":"","_monsterinsights_sitenote_category":0,"footnotes":""},"categories":[206],"tags":[257],"class_list":{"0":"post-1136","1":"post","2":"type-post","3":"status-publish","4":"format-standard","5":"has-post-thumbnail","7":"category-la-republica-del-cibao","8":"tag-premios-orientes"},"aioseo_notices":[],"_links":{"self":[{"href":"https:\/\/periodicolarepublica.com\/index.php\/wp-json\/wp\/v2\/posts\/1136","targetHints":{"allow":["GET"]}}],"collection":[{"href":"https:\/\/periodicolarepublica.com\/index.php\/wp-json\/wp\/v2\/posts"}],"about":[{"href":"https:\/\/periodicolarepublica.com\/index.php\/wp-json\/wp\/v2\/types\/post"}],"author":[{"embeddable":true,"href":"https:\/\/periodicolarepublica.com\/index.php\/wp-json\/wp\/v2\/users\/6"}],"replies":[{"embeddable":true,"href":"https:\/\/periodicolarepublica.com\/index.php\/wp-json\/wp\/v2\/comments?post=1136"}],"version-history":[{"count":2,"href":"https:\/\/periodicolarepublica.com\/index.php\/wp-json\/wp\/v2\/posts\/1136\/revisions"}],"predecessor-version":[{"id":1141,"href":"https:\/\/periodicolarepublica.com\/index.php\/wp-json\/wp\/v2\/posts\/1136\/revisions\/1141"}],"wp:featuredmedia":[{"embeddable":true,"href":"https:\/\/periodicolarepublica.com\/index.php\/wp-json\/wp\/v2\/media\/1140"}],"wp:attachment":[{"href":"https:\/\/periodicolarepublica.com\/index.php\/wp-json\/wp\/v2\/media?parent=1136"}],"wp:term":[{"taxonomy":"category","embeddable":true,"href":"https:\/\/periodicolarepublica.com\/index.php\/wp-json\/wp\/v2\/categories?post=1136"},{"taxonomy":"post_tag","embeddable":true,"href":"https:\/\/periodicolarepublica.com\/index.php\/wp-json\/wp\/v2\/tags?post=1136"}],"curies":[{"name":"wp","href":"https:\/\/api.w.org\/{rel}","templated":true}]}}