{"id":1139,"date":"2024-07-02T20:58:35","date_gmt":"2024-07-02T18:58:35","guid":{"rendered":"https:\/\/periodicolarepublica.com\/?p=1139"},"modified":"2024-07-02T20:58:35","modified_gmt":"2024-07-02T18:58:35","slug":"gobierno-entrega-premio-a-la-excelencia-docente-en-las-instituciones-de-educacion-superior-2024","status":"publish","type":"post","link":"https:\/\/periodicolarepublica.com\/index.php\/2024\/07\/02\/gobierno-entrega-premio-a-la-excelencia-docente-en-las-instituciones-de-educacion-superior-2024\/","title":{"rendered":"Gobierno entrega Premio a la Excelencia Docente en las Instituciones de Educaci\u00f3n Superior 2024"},"content":{"rendered":"\r\n<p><img loading=\"lazy\" decoding=\"async\" class=\"size-medium wp-image-1147 alignright\" src=\"https:\/\/periodicolarepublica.com\/wp-content\/uploads\/2024\/07\/IMG-20240702-WA0110-300x225.jpg\" alt=\"\" width=\"300\" height=\"225\" srcset=\"https:\/\/periodicolarepublica.com\/wp-content\/uploads\/2024\/07\/IMG-20240702-WA0110-300x225.jpg?v=1719946671 300w, https:\/\/periodicolarepublica.com\/wp-content\/uploads\/2024\/07\/IMG-20240702-WA0110-1024x768.jpg?v=1719946671 1024w, https:\/\/periodicolarepublica.com\/wp-content\/uploads\/2024\/07\/IMG-20240702-WA0110-768x576.jpg?v=1719946671 768w, https:\/\/periodicolarepublica.com\/wp-content\/uploads\/2024\/07\/IMG-20240702-WA0110-1536x1152.jpg?v=1719946671 1536w, https:\/\/periodicolarepublica.com\/wp-content\/uploads\/2024\/07\/IMG-20240702-WA0110-2048x1536.jpg?v=1719946671 2048w, https:\/\/periodicolarepublica.com\/wp-content\/uploads\/2024\/07\/IMG-20240702-WA0110-150x113.jpg?v=1719946671 150w, https:\/\/periodicolarepublica.com\/wp-content\/uploads\/2024\/07\/IMG-20240702-WA0110-600x450.jpg?v=1719946671 600w, https:\/\/periodicolarepublica.com\/wp-content\/uploads\/2024\/07\/IMG-20240702-WA0110-696x522.jpg?v=1719946671 696w, https:\/\/periodicolarepublica.com\/wp-content\/uploads\/2024\/07\/IMG-20240702-WA0110-1392x1044.jpg?v=1719946671 1392w, https:\/\/periodicolarepublica.com\/wp-content\/uploads\/2024\/07\/IMG-20240702-WA0110-1068x801.jpg?v=1719946671 1068w, https:\/\/periodicolarepublica.com\/wp-content\/uploads\/2024\/07\/IMG-20240702-WA0110-1920x1440.jpg?v=1719946671 1920w, https:\/\/periodicolarepublica.com\/wp-content\/uploads\/2024\/07\/IMG-20240702-WA0110-265x198.jpg?v=1719946671 265w, https:\/\/periodicolarepublica.com\/wp-content\/uploads\/2024\/07\/IMG-20240702-WA0110-530x396.jpg?v=1719946671 530w\" sizes=\"auto, (max-width: 300px) 100vw, 300px\" \/>SANTO DOMINGO.- El presidente Luis Abinader encabez\u00f3 la entrega del premio a la Excelencia Docente y Magisterial, otorgado por los ministerios de Educaci\u00f3n Superior, Ciencia y Tecnolog\u00eda, y de Educaci\u00f3n, como una forma de reconocer los aportes invaluables en la construcci\u00f3n social de la Rep\u00fablica Dominicana, durante un acto celebrado en el Palacio Nacional, al que asistieron la vicepresidente de la Rep\u00fablica, Raquel Pe\u00f1a, la primera dama Raquel Arbaje, el Ministro de Educaci\u00f3n, \u00c1ngel Hern\u00e1ndez y el Ministro de Educaci\u00f3n Superior, Ciencia y Tecnolog\u00eda (MESCYT), Franklin Garc\u00eda Ferm\u00edn.<br \/><br \/>Al pronunciar el discurso, el titular del MESCYT, doctor Franklin Garc\u00eda Ferm\u00edn, destac\u00f3 que hasta el a\u00f1o pasado no exist\u00eda una premiaci\u00f3n para los profesores de educaci\u00f3n superior, sin embargo, el 16 de marzo del 2022, el presidente Luis Abinader dict\u00f3 el decreto n\u00famero 122-22, mediante el cual se cre\u00f3 el Reglamento del Premio Anual a la Excelencia del Docente de Instituciones de Educaci\u00f3n Superior (IES).<br \/><br \/>\u00abEste reconocimiento con que el Gobierno de Luis Abinader distingue a los educadores del m\u00e1s alto nivel tiene como motivo esencial premiar la calidad humana de los galardonados, por su entrega a la formaci\u00f3n de las nuevas generaciones, y por haber sabido cumplir esa responsabilidad con gallard\u00eda poniendo \u00e9nfasis en los valores y principios que sirven de fundamento a una naci\u00f3n integrada por buenas personas y mejores ciudadanos\u00bb, se\u00f1al\u00f3 Garc\u00eda Ferm\u00edn.<br \/><br \/>\u00abReconocerlos a ustedes, es reconocer el bien, personas que han dedicado su vida a formar a otros, los docentes de hoy tienen mayores retos para personalizar el aprendizaje para poder seguir siendo ejemplos, pero sin duda alguna la voluntad de hacerlo bien est\u00e1 ah\u00ed presente\u00bb, reiter\u00f3. <br \/><br \/><br \/>Fueron galardonados por la Excelencia Docente en las IES, \u00c1gueda Maria Pe\u00f1a, Universidad Central del Este, Laura de Pilar Gil Fiallo de UNAPEC, Dionisio Ripoll Concepci\u00f3n, Universidad Tecnol\u00f3gica del Cibao, Jovanny Maria Rodr\u00edguez, Universidad Abierta para Adultos y Jos\u00e9 Mercedes Jaquez Polanco, Universidad Cat\u00f3lica Nordestana.<br \/><br \/>Adem\u00e1s, Marcia Josefina Beltre D\u00edaz, Universidad Nacional Pedro Henr\u00edquez Ure\u00f1a, Marcos Antonio N\u00fa\u00f1ez Cuervo, Universidad Iberoamericana, Wendy Karina Medina Moreta, Universidad del Caribe, Eliza \u00c1ngela D&#8217; Angelo Mendoza, Pontificia Universidad Cat\u00f3lica Madre y Maestra y Gladys Rosado Jim\u00e9nez, Universidad Aut\u00f3noma de Santo Domingo.<\/p>\r\n","protected":false},"excerpt":{"rendered":"<p>SANTO DOMINGO.- El presidente Luis Abinader encabez\u00f3 la entrega del premio a la Excelencia Docente y Magisterial, otorgado por los ministerios de Educaci\u00f3n Superior, Ciencia y Tecnolog\u00eda, y de Educaci\u00f3n, como una forma de reconocer los aportes invaluables en la construcci\u00f3n social de la Rep\u00fablica Dominicana, durante un acto celebrado en el Palacio Nacional, al [&hellip;]<\/p>\n","protected":false},"author":6,"featured_media":1147,"comment_status":"open","ping_status":"open","sticky":false,"template":"","format":"standard","meta":{"om_disable_all_campaigns":false,"_monsterinsights_skip_tracking":false,"_monsterinsights_sitenote_active":false,"_monsterinsights_sitenote_note":"","_monsterinsights_sitenote_category":0,"footnotes":""},"categories":[1],"tags":[259],"class_list":{"0":"post-1139","1":"post","2":"type-post","3":"status-publish","4":"format-standard","5":"has-post-thumbnail","7":"category-nacionales","8":"tag-ministerio-de-educacion-superior-y-tecnologia-franklin-garcia"},"aioseo_notices":[],"_links":{"self":[{"href":"https:\/\/periodicolarepublica.com\/index.php\/wp-json\/wp\/v2\/posts\/1139","targetHints":{"allow":["GET"]}}],"collection":[{"href":"https:\/\/periodicolarepublica.com\/index.php\/wp-json\/wp\/v2\/posts"}],"about":[{"href":"https:\/\/periodicolarepublica.com\/index.php\/wp-json\/wp\/v2\/types\/post"}],"author":[{"embeddable":true,"href":"https:\/\/periodicolarepublica.com\/index.php\/wp-json\/wp\/v2\/users\/6"}],"replies":[{"embeddable":true,"href":"https:\/\/periodicolarepublica.com\/index.php\/wp-json\/wp\/v2\/comments?post=1139"}],"version-history":[{"count":2,"href":"https:\/\/periodicolarepublica.com\/index.php\/wp-json\/wp\/v2\/posts\/1139\/revisions"}],"predecessor-version":[{"id":1148,"href":"https:\/\/periodicolarepublica.com\/index.php\/wp-json\/wp\/v2\/posts\/1139\/revisions\/1148"}],"wp:featuredmedia":[{"embeddable":true,"href":"https:\/\/periodicolarepublica.com\/index.php\/wp-json\/wp\/v2\/media\/1147"}],"wp:attachment":[{"href":"https:\/\/periodicolarepublica.com\/index.php\/wp-json\/wp\/v2\/media?parent=1139"}],"wp:term":[{"taxonomy":"category","embeddable":true,"href":"https:\/\/periodicolarepublica.com\/index.php\/wp-json\/wp\/v2\/categories?post=1139"},{"taxonomy":"post_tag","embeddable":true,"href":"https:\/\/periodicolarepublica.com\/index.php\/wp-json\/wp\/v2\/tags?post=1139"}],"curies":[{"name":"wp","href":"https:\/\/api.w.org\/{rel}","templated":true}]}}