{"id":1146,"date":"2024-07-02T21:29:57","date_gmt":"2024-07-02T19:29:57","guid":{"rendered":"https:\/\/periodicolarepublica.com\/?p=1146"},"modified":"2024-07-02T21:29:57","modified_gmt":"2024-07-02T19:29:57","slug":"presidente-abinader-y-ministro-de-educacion-reconocen-a-cinco-destacados-docentes-con-el-premio-a-la-excelencia-magisterial-2024","status":"publish","type":"post","link":"https:\/\/periodicolarepublica.com\/index.php\/2024\/07\/02\/presidente-abinader-y-ministro-de-educacion-reconocen-a-cinco-destacados-docentes-con-el-premio-a-la-excelencia-magisterial-2024\/","title":{"rendered":"Presidente Abinader y Ministro de Educaci\u00f3n reconocen a cinco destacados docentes con el Premio a la Excelencia Magisterial 2024"},"content":{"rendered":"\r\n<p><img loading=\"lazy\" decoding=\"async\" class=\"size-medium wp-image-1151 alignright\" src=\"https:\/\/periodicolarepublica.com\/wp-content\/uploads\/2024\/07\/IMG_20240702_152658-300x200.jpg\" alt=\"\" width=\"300\" height=\"200\" srcset=\"https:\/\/periodicolarepublica.com\/wp-content\/uploads\/2024\/07\/IMG_20240702_152658-300x200.jpg?v=1719948562 300w, https:\/\/periodicolarepublica.com\/wp-content\/uploads\/2024\/07\/IMG_20240702_152658-1024x684.jpg?v=1719948562 1024w, https:\/\/periodicolarepublica.com\/wp-content\/uploads\/2024\/07\/IMG_20240702_152658-768x513.jpg?v=1719948562 768w, https:\/\/periodicolarepublica.com\/wp-content\/uploads\/2024\/07\/IMG_20240702_152658-1536x1025.jpg?v=1719948562 1536w, https:\/\/periodicolarepublica.com\/wp-content\/uploads\/2024\/07\/IMG_20240702_152658-150x100.jpg?v=1719948562 150w, https:\/\/periodicolarepublica.com\/wp-content\/uploads\/2024\/07\/IMG_20240702_152658-600x401.jpg?v=1719948562 600w, https:\/\/periodicolarepublica.com\/wp-content\/uploads\/2024\/07\/IMG_20240702_152658-696x465.jpg?v=1719948562 696w, https:\/\/periodicolarepublica.com\/wp-content\/uploads\/2024\/07\/IMG_20240702_152658-1392x929.jpg?v=1719948562 1392w, https:\/\/periodicolarepublica.com\/wp-content\/uploads\/2024\/07\/IMG_20240702_152658-1068x713.jpg?v=1719948562 1068w, https:\/\/periodicolarepublica.com\/wp-content\/uploads\/2024\/07\/IMG_20240702_152658.jpg?v=1719948562 1600w\" sizes=\"auto, (max-width: 300px) 100vw, 300px\" \/>Santo Domingo, 2 de julio de 2024 &#8211; El Presidente de la Rep\u00fablica, Luis Abinader, y el Ministro de Educaci\u00f3n, \u00c1ngel Hern\u00e1ndez, encabezaron hoy la ceremonia de entrega del \u00abPremio a la Excelencia Magisterial 2024\u00bb, en reconocimiento a la trayectoria de servicio, compromiso y aportes acad\u00e9micos de cinco destacados docentes del sistema educativo dominicano. <br \/><br \/>Durante el evento, celebrado en el Palacio Nacional, el Presidente Abinader destac\u00f3 la invaluable labor que realizan los maestros y maestras en las aulas, siendo \u00abpieza fundamental para el desarrollo y formaci\u00f3n de nuestros j\u00f3venes\u00bb. <br \/><br \/>Por su parte, el Ministro Hern\u00e1ndez felicit\u00f3 a los galardonados, indicando que \u00abeste premio es un justo homenaje a su dedicaci\u00f3n, pasi\u00f3n y excelencia en el ejercicio de la docencia, la cual sirve como inspiraci\u00f3n para toda la comunidad educativa\u00bb. <br \/><br \/>Los docentes reconocidos en esta edici\u00f3n del premio fueron: <br \/><br \/>Premio a la Excelencia Magisterial 2024 reconoce a: <br \/><br \/>Rosario Deyanira M\u00e9ndez; \u00abPedro Henr\u00edquez Ure\u00f1a\u00bb al Honor. <br \/><br \/>Ysrael David Polanco Beltr\u00e9; \u00abEugenio Mar\u00eda de Hostos\u00bb al Reconocimiento. <br \/><br \/>Yulissa Altagracia Cabrera: \u00abSalom\u00e9 Ure\u00f1a de Henr\u00edquez\u00bb al Est\u00edmulo. <br \/><br \/>Ernestina Castro <br \/><br \/>Cristina Bonilla <br \/><br \/>La ceremonia cont\u00f3 con la asistencia de autoridades del Ministerio de Educaci\u00f3n, directores de centros educativos, familiares y colegas de los galardonados.<\/p>\r\n","protected":false},"excerpt":{"rendered":"<p>Santo Domingo, 2 de julio de 2024 &#8211; El Presidente de la Rep\u00fablica, Luis Abinader, y el Ministro de Educaci\u00f3n, \u00c1ngel Hern\u00e1ndez, encabezaron hoy la ceremonia de entrega del \u00abPremio a la Excelencia Magisterial 2024\u00bb, en reconocimiento a la trayectoria de servicio, compromiso y aportes acad\u00e9micos de cinco destacados docentes del sistema educativo dominicano. Durante [&hellip;]<\/p>\n","protected":false},"author":6,"featured_media":1151,"comment_status":"open","ping_status":"open","sticky":false,"template":"","format":"standard","meta":{"om_disable_all_campaigns":false,"_monsterinsights_skip_tracking":false,"_monsterinsights_sitenote_active":false,"_monsterinsights_sitenote_note":"","_monsterinsights_sitenote_category":0,"footnotes":""},"categories":[1],"tags":[261,260],"class_list":{"0":"post-1146","1":"post","2":"type-post","3":"status-publish","4":"format-standard","5":"has-post-thumbnail","7":"category-nacionales","8":"tag-angel-hernandez","9":"tag-ministerio-de-educacion"},"aioseo_notices":[],"_links":{"self":[{"href":"https:\/\/periodicolarepublica.com\/index.php\/wp-json\/wp\/v2\/posts\/1146","targetHints":{"allow":["GET"]}}],"collection":[{"href":"https:\/\/periodicolarepublica.com\/index.php\/wp-json\/wp\/v2\/posts"}],"about":[{"href":"https:\/\/periodicolarepublica.com\/index.php\/wp-json\/wp\/v2\/types\/post"}],"author":[{"embeddable":true,"href":"https:\/\/periodicolarepublica.com\/index.php\/wp-json\/wp\/v2\/users\/6"}],"replies":[{"embeddable":true,"href":"https:\/\/periodicolarepublica.com\/index.php\/wp-json\/wp\/v2\/comments?post=1146"}],"version-history":[{"count":2,"href":"https:\/\/periodicolarepublica.com\/index.php\/wp-json\/wp\/v2\/posts\/1146\/revisions"}],"predecessor-version":[{"id":1152,"href":"https:\/\/periodicolarepublica.com\/index.php\/wp-json\/wp\/v2\/posts\/1146\/revisions\/1152"}],"wp:featuredmedia":[{"embeddable":true,"href":"https:\/\/periodicolarepublica.com\/index.php\/wp-json\/wp\/v2\/media\/1151"}],"wp:attachment":[{"href":"https:\/\/periodicolarepublica.com\/index.php\/wp-json\/wp\/v2\/media?parent=1146"}],"wp:term":[{"taxonomy":"category","embeddable":true,"href":"https:\/\/periodicolarepublica.com\/index.php\/wp-json\/wp\/v2\/categories?post=1146"},{"taxonomy":"post_tag","embeddable":true,"href":"https:\/\/periodicolarepublica.com\/index.php\/wp-json\/wp\/v2\/tags?post=1146"}],"curies":[{"name":"wp","href":"https:\/\/api.w.org\/{rel}","templated":true}]}}