{"id":1150,"date":"2024-07-02T23:42:22","date_gmt":"2024-07-02T21:42:22","guid":{"rendered":"https:\/\/periodicolarepublica.com\/?p=1150"},"modified":"2024-07-02T23:42:22","modified_gmt":"2024-07-02T21:42:22","slug":"la-alcaldia-del-distrito-nacional-cierra-tramo-del-malecon-por-paso-del-huracan-beryl","status":"publish","type":"post","link":"https:\/\/periodicolarepublica.com\/index.php\/2024\/07\/02\/la-alcaldia-del-distrito-nacional-cierra-tramo-del-malecon-por-paso-del-huracan-beryl\/","title":{"rendered":"La Alcald\u00eda del Distrito Nacional Cierra Tramo del Malec\u00f3n por Paso del Hurac\u00e1n Beryl"},"content":{"rendered":"\r\n<p><img loading=\"lazy\" decoding=\"async\" class=\"size-medium wp-image-1155 alignright\" src=\"https:\/\/periodicolarepublica.com\/wp-content\/uploads\/2024\/07\/IMG-20240702-WA0145-300x202.jpg\" alt=\"\" width=\"300\" height=\"202\" srcset=\"https:\/\/periodicolarepublica.com\/wp-content\/uploads\/2024\/07\/IMG-20240702-WA0145-300x202.jpg?v=1719956514 300w, https:\/\/periodicolarepublica.com\/wp-content\/uploads\/2024\/07\/IMG-20240702-WA0145-1024x689.jpg?v=1719956514 1024w, https:\/\/periodicolarepublica.com\/wp-content\/uploads\/2024\/07\/IMG-20240702-WA0145-768x517.jpg?v=1719956514 768w, https:\/\/periodicolarepublica.com\/wp-content\/uploads\/2024\/07\/IMG-20240702-WA0145-150x101.jpg?v=1719956514 150w, https:\/\/periodicolarepublica.com\/wp-content\/uploads\/2024\/07\/IMG-20240702-WA0145-600x404.jpg?v=1719956514 600w, https:\/\/periodicolarepublica.com\/wp-content\/uploads\/2024\/07\/IMG-20240702-WA0145-696x469.jpg?v=1719956514 696w, https:\/\/periodicolarepublica.com\/wp-content\/uploads\/2024\/07\/IMG-20240702-WA0145-1068x719.jpg?v=1719956514 1068w, https:\/\/periodicolarepublica.com\/wp-content\/uploads\/2024\/07\/IMG-20240702-WA0145.jpg?v=1719956514 1080w\" sizes=\"auto, (max-width: 300px) 100vw, 300px\" \/>Santo Domingo, Rep\u00fablica Dominicana &#8211; La Alcaldesa Carolina Mej\u00eda ha ordenado el cierre del tramo del Malec\u00f3n comprendido entre la Avenida Luper\u00f3n y la Avenida Lincoln, con el objetivo de salvaguardar la seguridad de peatones y veh\u00edculos que cruzan por esta importante v\u00eda costera. <br \/><br \/>Esta medida se toma como precauci\u00f3n ante el paso del Hurac\u00e1n Beryl, que se encuentra afectado la regi\u00f3n en el d\u00edas hoy. El cierre del tramo permitir\u00e1 evitar posibles incidentes y garantizar la protecci\u00f3n de los transe\u00fantes y conductores que normalmente circulan por el Malec\u00f3n. <br \/><br \/>\u00abLa seguridad de nuestros ciudadanos es nuestra m\u00e1xima prioridad. Por eso, hemos decidido tomar esta medida preventiva ante el paso del Hurac\u00e1n Beryl\u00bb, declar\u00f3 la Alcaldesa Carolina Mej\u00eda. <br \/><br \/>Se espera que el tramo permanezca cerrado hasta que las condiciones clim\u00e1ticas mejoren y sea seguro reabrir la v\u00eda al tr\u00e1nsito regular. Las autoridades municipales har\u00e1n los anuncios correspondientes sobre la reapertura del Malec\u00f3n.<\/p>\r\n","protected":false},"excerpt":{"rendered":"<p>Santo Domingo, Rep\u00fablica Dominicana &#8211; La Alcaldesa Carolina Mej\u00eda ha ordenado el cierre del tramo del Malec\u00f3n comprendido entre la Avenida Luper\u00f3n y la Avenida Lincoln, con el objetivo de salvaguardar la seguridad de peatones y veh\u00edculos que cruzan por esta importante v\u00eda costera. Esta medida se toma como precauci\u00f3n ante el paso del Hurac\u00e1n [&hellip;]<\/p>\n","protected":false},"author":6,"featured_media":1155,"comment_status":"open","ping_status":"open","sticky":false,"template":"","format":"standard","meta":{"om_disable_all_campaigns":false,"_monsterinsights_skip_tracking":false,"_monsterinsights_sitenote_active":false,"_monsterinsights_sitenote_note":"","_monsterinsights_sitenote_category":0,"footnotes":""},"categories":[1],"tags":[244,37],"class_list":{"0":"post-1150","1":"post","2":"type-post","3":"status-publish","4":"format-standard","5":"has-post-thumbnail","7":"category-nacionales","8":"tag-alcaldia-distrito-nacional","9":"tag-carolina-mejia"},"aioseo_notices":[],"_links":{"self":[{"href":"https:\/\/periodicolarepublica.com\/index.php\/wp-json\/wp\/v2\/posts\/1150","targetHints":{"allow":["GET"]}}],"collection":[{"href":"https:\/\/periodicolarepublica.com\/index.php\/wp-json\/wp\/v2\/posts"}],"about":[{"href":"https:\/\/periodicolarepublica.com\/index.php\/wp-json\/wp\/v2\/types\/post"}],"author":[{"embeddable":true,"href":"https:\/\/periodicolarepublica.com\/index.php\/wp-json\/wp\/v2\/users\/6"}],"replies":[{"embeddable":true,"href":"https:\/\/periodicolarepublica.com\/index.php\/wp-json\/wp\/v2\/comments?post=1150"}],"version-history":[{"count":2,"href":"https:\/\/periodicolarepublica.com\/index.php\/wp-json\/wp\/v2\/posts\/1150\/revisions"}],"predecessor-version":[{"id":1156,"href":"https:\/\/periodicolarepublica.com\/index.php\/wp-json\/wp\/v2\/posts\/1150\/revisions\/1156"}],"wp:featuredmedia":[{"embeddable":true,"href":"https:\/\/periodicolarepublica.com\/index.php\/wp-json\/wp\/v2\/media\/1155"}],"wp:attachment":[{"href":"https:\/\/periodicolarepublica.com\/index.php\/wp-json\/wp\/v2\/media?parent=1150"}],"wp:term":[{"taxonomy":"category","embeddable":true,"href":"https:\/\/periodicolarepublica.com\/index.php\/wp-json\/wp\/v2\/categories?post=1150"},{"taxonomy":"post_tag","embeddable":true,"href":"https:\/\/periodicolarepublica.com\/index.php\/wp-json\/wp\/v2\/tags?post=1150"}],"curies":[{"name":"wp","href":"https:\/\/api.w.org\/{rel}","templated":true}]}}