{"id":1158,"date":"2024-07-04T23:43:45","date_gmt":"2024-07-04T21:43:45","guid":{"rendered":"https:\/\/periodicolarepublica.com\/?p=1158"},"modified":"2024-07-04T23:43:45","modified_gmt":"2024-07-04T21:43:45","slug":"muertes-neonatales-disminuyeron-en-35-3-segun-indicadores-del-primer-semestre-del-ano","status":"publish","type":"post","link":"https:\/\/periodicolarepublica.com\/index.php\/2024\/07\/04\/muertes-neonatales-disminuyeron-en-35-3-segun-indicadores-del-primer-semestre-del-ano\/","title":{"rendered":"Muertes neonatales disminuyeron en 35.3% seg\u00fan indicadores del  primer semestre del a\u00f1o"},"content":{"rendered":"\r\n<p><img loading=\"lazy\" decoding=\"async\" class=\"size-medium wp-image-1170 alignright\" src=\"https:\/\/periodicolarepublica.com\/wp-content\/uploads\/2024\/07\/IMG-20240704-WA0098-300x199.jpg\" alt=\"\" width=\"300\" height=\"199\" srcset=\"https:\/\/periodicolarepublica.com\/wp-content\/uploads\/2024\/07\/IMG-20240704-WA0098-300x199.jpg?v=1720129408 300w, https:\/\/periodicolarepublica.com\/wp-content\/uploads\/2024\/07\/IMG-20240704-WA0098-768x510.jpg?v=1720129408 768w, https:\/\/periodicolarepublica.com\/wp-content\/uploads\/2024\/07\/IMG-20240704-WA0098-150x100.jpg?v=1720129408 150w, https:\/\/periodicolarepublica.com\/wp-content\/uploads\/2024\/07\/IMG-20240704-WA0098-600x398.jpg?v=1720129408 600w, https:\/\/periodicolarepublica.com\/wp-content\/uploads\/2024\/07\/IMG-20240704-WA0098-696x462.jpg?v=1720129408 696w, https:\/\/periodicolarepublica.com\/wp-content\/uploads\/2024\/07\/IMG-20240704-WA0098.jpg?v=1720129408 1024w\" sizes=\"auto, (max-width: 300px) 100vw, 300px\" \/>_Casos positivos de COVID-19 y dengue experimentaron baja en la SE-25_<br \/><br \/>*Santo Domingo.-* Los indicadores muertes neonatal disminuyeron en un 35.3%, en el primer semestre de este a\u00f1o, donde se notifican 974 casos, en comparaci\u00f3n al a\u00f1o 2023, que fueron reportados al sistema 1,505, seg\u00fan se registra en el Bolet\u00edn Epidemiol\u00f3gico correspondiente a la SE-25, no obstante, el Ministerio de Salud fortalece las estrategias de vigilancia epidemiol\u00f3gica para identificar, analizar y abordar los factores de riesgo a fin de alcanzar las metas de bajar ese indicador de salud.<br \/><br \/>*Sobre el COVID-19*<br \/><br \/>Los casos nuevos de COVID-19 disminuyeron en la presente SE-25 con 466 notificaciones, 318 menos que la SE-24, donde fueron notificados 784. De los casos correspondiente a la semana 25, el 22.3% residen en la provincia del Distrito Nacional, 21% en Santiago y el 18.4% en Santo Domingo.<br \/><br \/>El Ministerio de Salud inform\u00f3 que fueron procesadas 2,272 muestras, con una positividad semanal de 21%. La incidencia acumulada es de 56.03 por cada 100,000 habitantes, la provincia que se encuentra con una mayor incidencia acumulada es Santiago Rodr\u00edguez con 330.04 casos por 100,000 habitantes.<br \/><br \/>En tanto que, por dengue se notificaron dos casos nuevos confirmados del total acumulado sospechosos de la enfermedad, que hasta la SE 25 es de 8,126 casos.<br \/><br \/>El 52.3% corresponden al sexo masculino, de edades de 10-19 a\u00f1os. El 83.4% de los casos recibieron atenci\u00f3n en un establecimiento de salud. El Ministerio de Salud, a trav\u00e9s de la Direcci\u00f3n de Epidemiolog\u00eda inform\u00f3 que no se han registrado decesos a causa de dengue.<br \/><br \/>Mientras, la instituci\u00f3n indica que sigue aplicando las medidas de control y prevenci\u00f3n de estas enfermedades, principalmente contra dengue y malaria, de esta \u00faltima el sistema de vigilancia confirm\u00f3 13 personas con este padecimiento y 810 casos sospechosos, provenientes del foco de San Juan.<br \/><br \/>*Generalidades*<br \/><br \/>El 58.3% de los casos de muertes en ni\u00f1os, reportados en la SE-25, afect\u00f3 al sexo masculino, en cuanto a la distribuci\u00f3n geogr\u00e1fica, el 22% resid\u00edan en la provincia de Santo Domingo, el 10% en el Distrito Nacional y el 7.3% en San Crist\u00f3bal.<br \/><br \/>El 17.1% fueron notificados por el establecimiento de salud Presidente Estrella Ure\u00f1a. En la presente Semana Epidemiol\u00f3gica 25 se notificaron un total de 41 muertes.<br \/><br \/>La vigilancia epidemiol\u00f3gica de la mortalidad infantil en la Rep\u00fablica Dominicana es un componente crucial para identificar, analizar y abordar los factores que contribuyen a la muerte de ni\u00f1os menores de un a\u00f1o.<br \/><br \/>Desde el Ministerio de Salud, se sigue trabajando para mejorar estos indicadores y garantizar una atenci\u00f3n de calidad a madres y reci\u00e9n nacidos.<br \/><br \/>*Direcci\u00f3n de comunicaciones 4 de julio de 2024*<\/p>\r\n","protected":false},"excerpt":{"rendered":"<p>_Casos positivos de COVID-19 y dengue experimentaron baja en la SE-25_ *Santo Domingo.-* Los indicadores muertes neonatal disminuyeron en un 35.3%, en el primer semestre de este a\u00f1o, donde se notifican 974 casos, en comparaci\u00f3n al a\u00f1o 2023, que fueron reportados al sistema 1,505, seg\u00fan se registra en el Bolet\u00edn Epidemiol\u00f3gico correspondiente a la SE-25, [&hellip;]<\/p>\n","protected":false},"author":6,"featured_media":1170,"comment_status":"open","ping_status":"open","sticky":false,"template":"","format":"standard","meta":{"om_disable_all_campaigns":false,"_monsterinsights_skip_tracking":false,"_monsterinsights_sitenote_active":false,"_monsterinsights_sitenote_note":"","_monsterinsights_sitenote_category":0,"footnotes":""},"categories":[1],"tags":[175],"class_list":{"0":"post-1158","1":"post","2":"type-post","3":"status-publish","4":"format-standard","5":"has-post-thumbnail","7":"category-nacionales","8":"tag-ministro-de-salud-publica"},"aioseo_notices":[],"_links":{"self":[{"href":"https:\/\/periodicolarepublica.com\/index.php\/wp-json\/wp\/v2\/posts\/1158","targetHints":{"allow":["GET"]}}],"collection":[{"href":"https:\/\/periodicolarepublica.com\/index.php\/wp-json\/wp\/v2\/posts"}],"about":[{"href":"https:\/\/periodicolarepublica.com\/index.php\/wp-json\/wp\/v2\/types\/post"}],"author":[{"embeddable":true,"href":"https:\/\/periodicolarepublica.com\/index.php\/wp-json\/wp\/v2\/users\/6"}],"replies":[{"embeddable":true,"href":"https:\/\/periodicolarepublica.com\/index.php\/wp-json\/wp\/v2\/comments?post=1158"}],"version-history":[{"count":2,"href":"https:\/\/periodicolarepublica.com\/index.php\/wp-json\/wp\/v2\/posts\/1158\/revisions"}],"predecessor-version":[{"id":1171,"href":"https:\/\/periodicolarepublica.com\/index.php\/wp-json\/wp\/v2\/posts\/1158\/revisions\/1171"}],"wp:featuredmedia":[{"embeddable":true,"href":"https:\/\/periodicolarepublica.com\/index.php\/wp-json\/wp\/v2\/media\/1170"}],"wp:attachment":[{"href":"https:\/\/periodicolarepublica.com\/index.php\/wp-json\/wp\/v2\/media?parent=1158"}],"wp:term":[{"taxonomy":"category","embeddable":true,"href":"https:\/\/periodicolarepublica.com\/index.php\/wp-json\/wp\/v2\/categories?post=1158"},{"taxonomy":"post_tag","embeddable":true,"href":"https:\/\/periodicolarepublica.com\/index.php\/wp-json\/wp\/v2\/tags?post=1158"}],"curies":[{"name":"wp","href":"https:\/\/api.w.org\/{rel}","templated":true}]}}