{"id":1160,"date":"2024-07-03T17:57:25","date_gmt":"2024-07-03T15:57:25","guid":{"rendered":"https:\/\/periodicolarepublica.com\/?p=1160"},"modified":"2024-07-03T18:00:20","modified_gmt":"2024-07-03T16:00:20","slug":"presidente-dominicano-luis-abinader-fortalece-lazos-con-panama-en-toma-de-mando-de-jose-raul-mulino","status":"publish","type":"post","link":"https:\/\/periodicolarepublica.com\/index.php\/2024\/07\/03\/presidente-dominicano-luis-abinader-fortalece-lazos-con-panama-en-toma-de-mando-de-jose-raul-mulino\/","title":{"rendered":"Presidente Luis Abinader fortalece lazos con Panam\u00e1 en toma de mando presidencial"},"content":{"rendered":"<p style=\"text-align: left;\">El mandatario dominicano, Luis Abinader, visit\u00f3 Panam\u00e1 para participar en la ceremonia de toma de mando de Jos\u00e9 Ra\u00fal Mulino como nuevo presidente del pa\u00eds. Durante su estancia, Abinader sostuvo importantes reuniones con sus hom\u00f3logos de Panam\u00e1, Honduras, Costa Rica y otros l\u00edderes de la regi\u00f3n.<\/p>\n<p><img loading=\"lazy\" decoding=\"async\" class=\"alignnone size-medium wp-image-1161\" src=\"https:\/\/periodicolarepublica.com\/wp-content\/uploads\/2024\/07\/Picsart_24-07-03_11-46-07-492-300x200.jpg\" alt=\"\" width=\"300\" height=\"200\" srcset=\"https:\/\/periodicolarepublica.com\/wp-content\/uploads\/2024\/07\/Picsart_24-07-03_11-46-07-492-300x200.jpg?v=1720022046 300w, https:\/\/periodicolarepublica.com\/wp-content\/uploads\/2024\/07\/Picsart_24-07-03_11-46-07-492-1024x683.jpg?v=1720022046 1024w, https:\/\/periodicolarepublica.com\/wp-content\/uploads\/2024\/07\/Picsart_24-07-03_11-46-07-492-768x512.jpg?v=1720022046 768w, https:\/\/periodicolarepublica.com\/wp-content\/uploads\/2024\/07\/Picsart_24-07-03_11-46-07-492-1536x1025.jpg?v=1720022046 1536w, https:\/\/periodicolarepublica.com\/wp-content\/uploads\/2024\/07\/Picsart_24-07-03_11-46-07-492-150x100.jpg?v=1720022046 150w, https:\/\/periodicolarepublica.com\/wp-content\/uploads\/2024\/07\/Picsart_24-07-03_11-46-07-492-600x400.jpg?v=1720022046 600w, https:\/\/periodicolarepublica.com\/wp-content\/uploads\/2024\/07\/Picsart_24-07-03_11-46-07-492-696x464.jpg?v=1720022046 696w, https:\/\/periodicolarepublica.com\/wp-content\/uploads\/2024\/07\/Picsart_24-07-03_11-46-07-492-1392x929.jpg?v=1720022046 1392w, https:\/\/periodicolarepublica.com\/wp-content\/uploads\/2024\/07\/Picsart_24-07-03_11-46-07-492-1068x712.jpg?v=1720022046 1068w, https:\/\/periodicolarepublica.com\/wp-content\/uploads\/2024\/07\/Picsart_24-07-03_11-46-07-492.jpg?v=1720022046 1619w\" sizes=\"auto, (max-width: 300px) 100vw, 300px\" \/><\/p>\n<p>En una breve entrevista exclusiva con M\u00e1ximo Mi\u00f1oso, director del peri\u00f3dico La Rep\u00fablica, Abinader destac\u00f3 la importancia de fortalecer las relaciones entre Rep\u00fablica Dominicana y Panam\u00e1. \u00abTenemos una historia de lazos fraternos y una larga tradici\u00f3n de colaboraci\u00f3n en diversas \u00e1reas, desde el comercio hasta la seguridad\u00bb, se\u00f1al\u00f3 el presidente Abinader.<\/p>\n<p>Durante su visita, Abinader tambi\u00e9n converso con los demas lideres, sobre el fortalecimiento de la democracia en Am\u00e9rica Latina.<\/p>\n<p>El presidente Luis Abinader expres\u00f3 su optimismo sobre el futuro de la regi\u00f3n y la importancia de trabajar juntos para superar los desaf\u00edos que enfrentamos. Panam\u00e1 y Rep\u00fablica Dominicana comparten valores y objetivos comunes, y estoy seguro de que juntos podemos lograr un futuro m\u00e1s pr\u00f3spero y seguro para nuestros pueblos.<\/p>\n<p>La visita de Luis Abinader a Panam\u00e1 ha sido recibida con entusiasmo por parte de sus hom\u00f3logos, adem\u00e1s de las autoridades y la ciudadan\u00eda, quienes vieron un acercamiento de oportunidad para fortalecer los lazos entre ambos pa\u00edses y promover la cooperaci\u00f3n regional, teniendo encuenta que hace poca ya habia estado en Suiza en el llamado acuerdo de la Paz para Ucrania y Rusia, donde se vio consolidado su liderazgo a nivel mundial.<\/p>\n","protected":false},"excerpt":{"rendered":"<p>El mandatario dominicano, Luis Abinader, visit\u00f3 Panam\u00e1 para participar en la ceremonia de toma de mando de Jos\u00e9 Ra\u00fal Mulino como nuevo presidente del pa\u00eds. Durante su estancia, Abinader sostuvo importantes reuniones con sus hom\u00f3logos de Panam\u00e1, Honduras, Costa Rica y otros l\u00edderes de la regi\u00f3n. En una breve entrevista exclusiva con M\u00e1ximo Mi\u00f1oso, director [&hellip;]<\/p>\n","protected":false},"author":1,"featured_media":1161,"comment_status":"open","ping_status":"open","sticky":false,"template":"","format":"standard","meta":{"om_disable_all_campaigns":false,"_monsterinsights_skip_tracking":false,"_monsterinsights_sitenote_active":false,"_monsterinsights_sitenote_note":"","_monsterinsights_sitenote_category":0,"footnotes":""},"categories":[227,1],"tags":[262,85,155,263],"class_list":{"0":"post-1160","1":"post","2":"type-post","3":"status-publish","4":"format-standard","5":"has-post-thumbnail","7":"category-la-republica-internacional","8":"category-nacionales","9":"tag-jose-raul-mulino","10":"tag-luis-abinader","11":"tag-maximo-minoso","12":"tag-presidente-dominicano"},"aioseo_notices":[],"_links":{"self":[{"href":"https:\/\/periodicolarepublica.com\/index.php\/wp-json\/wp\/v2\/posts\/1160","targetHints":{"allow":["GET"]}}],"collection":[{"href":"https:\/\/periodicolarepublica.com\/index.php\/wp-json\/wp\/v2\/posts"}],"about":[{"href":"https:\/\/periodicolarepublica.com\/index.php\/wp-json\/wp\/v2\/types\/post"}],"author":[{"embeddable":true,"href":"https:\/\/periodicolarepublica.com\/index.php\/wp-json\/wp\/v2\/users\/1"}],"replies":[{"embeddable":true,"href":"https:\/\/periodicolarepublica.com\/index.php\/wp-json\/wp\/v2\/comments?post=1160"}],"version-history":[{"count":3,"href":"https:\/\/periodicolarepublica.com\/index.php\/wp-json\/wp\/v2\/posts\/1160\/revisions"}],"predecessor-version":[{"id":1164,"href":"https:\/\/periodicolarepublica.com\/index.php\/wp-json\/wp\/v2\/posts\/1160\/revisions\/1164"}],"wp:featuredmedia":[{"embeddable":true,"href":"https:\/\/periodicolarepublica.com\/index.php\/wp-json\/wp\/v2\/media\/1161"}],"wp:attachment":[{"href":"https:\/\/periodicolarepublica.com\/index.php\/wp-json\/wp\/v2\/media?parent=1160"}],"wp:term":[{"taxonomy":"category","embeddable":true,"href":"https:\/\/periodicolarepublica.com\/index.php\/wp-json\/wp\/v2\/categories?post=1160"},{"taxonomy":"post_tag","embeddable":true,"href":"https:\/\/periodicolarepublica.com\/index.php\/wp-json\/wp\/v2\/tags?post=1160"}],"curies":[{"name":"wp","href":"https:\/\/api.w.org\/{rel}","templated":true}]}}