{"id":1165,"date":"2024-07-03T18:26:22","date_gmt":"2024-07-03T16:26:22","guid":{"rendered":"https:\/\/periodicolarepublica.com\/?p=1165"},"modified":"2024-07-03T18:26:22","modified_gmt":"2024-07-03T16:26:22","slug":"carolina-mejia-trabajamos-para-dejar-el-malecon-normalizado-a-la-brevedad-posible","status":"publish","type":"post","link":"https:\/\/periodicolarepublica.com\/index.php\/2024\/07\/03\/carolina-mejia-trabajamos-para-dejar-el-malecon-normalizado-a-la-brevedad-posible\/","title":{"rendered":"Carolina Mej\u00eda: \u00abTrabajamos para dejar el malec\u00f3n normalizado a la brevedad posible"},"content":{"rendered":"<blockquote>\n<p style=\"text-align: left;\"><span style=\"color: var(--td_theme_color, #4db2ec);\">La alcaldesa supervisa las labores en esa v\u00eda capitale\u00f1a tras da\u00f1os ocasionados por el hurac\u00e1n<\/span><\/p>\n<\/blockquote>\n<p style=\"text-align: left;\"><img loading=\"lazy\" decoding=\"async\" class=\"alignnone size-medium wp-image-1166\" src=\"https:\/\/periodicolarepublica.com\/wp-content\/uploads\/2024\/07\/IMG-20240703-WA0025-300x200.jpg\" alt=\"\" width=\"300\" height=\"200\" srcset=\"https:\/\/periodicolarepublica.com\/wp-content\/uploads\/2024\/07\/IMG-20240703-WA0025-300x200.jpg?v=1720023943 300w, https:\/\/periodicolarepublica.com\/wp-content\/uploads\/2024\/07\/IMG-20240703-WA0025-1024x682.jpg?v=1720023943 1024w, https:\/\/periodicolarepublica.com\/wp-content\/uploads\/2024\/07\/IMG-20240703-WA0025-768x512.jpg?v=1720023943 768w, https:\/\/periodicolarepublica.com\/wp-content\/uploads\/2024\/07\/IMG-20240703-WA0025-1536x1023.jpg?v=1720023943 1536w, https:\/\/periodicolarepublica.com\/wp-content\/uploads\/2024\/07\/IMG-20240703-WA0025-150x100.jpg?v=1720023943 150w, https:\/\/periodicolarepublica.com\/wp-content\/uploads\/2024\/07\/IMG-20240703-WA0025-600x400.jpg?v=1720023943 600w, https:\/\/periodicolarepublica.com\/wp-content\/uploads\/2024\/07\/IMG-20240703-WA0025-696x464.jpg?v=1720023943 696w, https:\/\/periodicolarepublica.com\/wp-content\/uploads\/2024\/07\/IMG-20240703-WA0025-1392x927.jpg?v=1720023943 1392w, https:\/\/periodicolarepublica.com\/wp-content\/uploads\/2024\/07\/IMG-20240703-WA0025-1068x712.jpg?v=1720023943 1068w, https:\/\/periodicolarepublica.com\/wp-content\/uploads\/2024\/07\/IMG-20240703-WA0025.jpg?v=1720023943 1600w\" sizes=\"auto, (max-width: 300px) 100vw, 300px\" \/><\/p>\n<blockquote>\n<p style=\"text-align: left;\">Santo Domingo, DN &#8211; La alcaldesa Carolina Mej\u00eda inform\u00f3 la ma\u00f1ana de este mi\u00e9rcoles que trabajan para dejar hoy todo normalizado en el malec\u00f3n de Santo Domingo, tras los da\u00f1os provocados por el hurac\u00e1n Beryl.<\/p>\n<p style=\"text-align: left;\">Al realizar labores de supervisi\u00f3n de los trabajos, la alcaldesa explic\u00f3 que desde ayer brigadas movieron los bancos que obstru\u00edan las v\u00edas, as\u00ed como piedras que fueron movidas por el mar.<\/p>\n<p style=\"text-align: left;\">\u201cNosotros vamos a estar trabajando todo el d\u00eda, aqu\u00ed (en el malec\u00f3n) y en los dem\u00e1s puntos vulnerables\u201d, afirm\u00f3, al aclarar que varios tramos permanecer\u00e1n cerrados hasta que se complete la limpieza.<\/p>\n<p style=\"text-align: left;\">Alrededor de 600 personas intervienen en las brigadas interinstitucionales para dar r\u00e1pida respuesta a los da\u00f1os ocasionados por el fen\u00f3meno atmosf\u00e9rico.<\/p>\n<p style=\"text-align: left;\">Mej\u00eda resalt\u00f3 la intervenci\u00f3n de equipos del Ministerio de Obras P\u00fablicas los que han estado trabajando desde las 4:00 de la ma\u00f1ana de forma mancomunada con el ADN desde el kil\u00f3metro 13 de la 30 de Mayo hacia el este de la misma v\u00eda.<\/p>\n<p style=\"text-align: left;\">\u201cEn la parte del r\u00edo hay una gran acumulaci\u00f3n de lilas que estamos trabajando con la Armada y con DO Sostenible\u201d, sostuvo.<\/p>\n<p style=\"text-align: left;\">Carolina Mej\u00eda indic\u00f3 que tambi\u00e9n resultaron afectados el Monumento a Fray Ant\u00f3n de Montesinos y la Plaza Juan Bar\u00f3n, por lo que se trabaja en su total restablecimiento.<\/p>\n<p style=\"text-align: left;\">\n<p style=\"text-align: left;\">Precis\u00f3 que conjuntamente con Digesett e Intrant se inform\u00f3 temprano para que la gente tomara rutas alternas, para poder desplazarse a sus trabajos, evitando la citada v\u00eda.<\/p>\n<p style=\"text-align: left;\">\n<p style=\"text-align: left;\">La alcaldesa adelant\u00f3 que para este jueves y viernes se esperan lluvias, por lo que hoy se estar\u00e1n intensificando las labores de recogida de desechos.<\/p>\n<p style=\"text-align: left;\">\n<p style=\"text-align: left;\">En ese sentido, insisti\u00f3 en pedir a la poblaci\u00f3n para que no tiren las fundas de basura en la calle, porque tapan los imbornales y colectores.<\/p>\n<\/blockquote>\n","protected":false},"excerpt":{"rendered":"<p>La alcaldesa supervisa las labores en esa v\u00eda capitale\u00f1a tras da\u00f1os ocasionados por el hurac\u00e1n Santo Domingo, DN &#8211; La alcaldesa Carolina Mej\u00eda inform\u00f3 la ma\u00f1ana de este mi\u00e9rcoles que trabajan para dejar hoy todo normalizado en el malec\u00f3n de Santo Domingo, tras los da\u00f1os provocados por el hurac\u00e1n Beryl. Al realizar labores de supervisi\u00f3n [&hellip;]<\/p>\n","protected":false},"author":6,"featured_media":1166,"comment_status":"open","ping_status":"open","sticky":false,"template":"","format":"standard","meta":{"om_disable_all_campaigns":false,"_monsterinsights_skip_tracking":false,"_monsterinsights_sitenote_active":false,"_monsterinsights_sitenote_note":"","_monsterinsights_sitenote_category":0,"footnotes":""},"categories":[1],"tags":[37],"class_list":{"0":"post-1165","1":"post","2":"type-post","3":"status-publish","4":"format-standard","5":"has-post-thumbnail","7":"category-nacionales","8":"tag-carolina-mejia"},"aioseo_notices":[],"_links":{"self":[{"href":"https:\/\/periodicolarepublica.com\/index.php\/wp-json\/wp\/v2\/posts\/1165","targetHints":{"allow":["GET"]}}],"collection":[{"href":"https:\/\/periodicolarepublica.com\/index.php\/wp-json\/wp\/v2\/posts"}],"about":[{"href":"https:\/\/periodicolarepublica.com\/index.php\/wp-json\/wp\/v2\/types\/post"}],"author":[{"embeddable":true,"href":"https:\/\/periodicolarepublica.com\/index.php\/wp-json\/wp\/v2\/users\/6"}],"replies":[{"embeddable":true,"href":"https:\/\/periodicolarepublica.com\/index.php\/wp-json\/wp\/v2\/comments?post=1165"}],"version-history":[{"count":1,"href":"https:\/\/periodicolarepublica.com\/index.php\/wp-json\/wp\/v2\/posts\/1165\/revisions"}],"predecessor-version":[{"id":1167,"href":"https:\/\/periodicolarepublica.com\/index.php\/wp-json\/wp\/v2\/posts\/1165\/revisions\/1167"}],"wp:featuredmedia":[{"embeddable":true,"href":"https:\/\/periodicolarepublica.com\/index.php\/wp-json\/wp\/v2\/media\/1166"}],"wp:attachment":[{"href":"https:\/\/periodicolarepublica.com\/index.php\/wp-json\/wp\/v2\/media?parent=1165"}],"wp:term":[{"taxonomy":"category","embeddable":true,"href":"https:\/\/periodicolarepublica.com\/index.php\/wp-json\/wp\/v2\/categories?post=1165"},{"taxonomy":"post_tag","embeddable":true,"href":"https:\/\/periodicolarepublica.com\/index.php\/wp-json\/wp\/v2\/tags?post=1165"}],"curies":[{"name":"wp","href":"https:\/\/api.w.org\/{rel}","templated":true}]}}