{"id":1169,"date":"2024-07-05T01:55:59","date_gmt":"2024-07-04T23:55:59","guid":{"rendered":"https:\/\/periodicolarepublica.com\/?p=1169"},"modified":"2024-07-05T01:57:49","modified_gmt":"2024-07-04T23:57:49","slug":"direccion-general-de-aduanas-y-ministerio-de-salud-publica-unen-esfuerzos-para-mejorar-la-nutricion-de-los-dominicanos","status":"publish","type":"post","link":"https:\/\/periodicolarepublica.com\/index.php\/2024\/07\/05\/direccion-general-de-aduanas-y-ministerio-de-salud-publica-unen-esfuerzos-para-mejorar-la-nutricion-de-los-dominicanos\/","title":{"rendered":"Direcci\u00f3n General de Aduanas y Ministerio de Salud P\u00fablica unen esfuerzos para mejorar la nutrici\u00f3n de los dominicanos"},"content":{"rendered":"\r\n<p><img loading=\"lazy\" decoding=\"async\" class=\"size-medium wp-image-1174 alignright\" src=\"https:\/\/periodicolarepublica.com\/wp-content\/uploads\/2024\/07\/449740152_1901228643710224_8277327394088573505_n-241x300.jpg\" alt=\"\" width=\"241\" height=\"300\" srcset=\"https:\/\/periodicolarepublica.com\/wp-content\/uploads\/2024\/07\/449740152_1901228643710224_8277327394088573505_n-241x300.jpg?v=1720137158 241w, https:\/\/periodicolarepublica.com\/wp-content\/uploads\/2024\/07\/449740152_1901228643710224_8277327394088573505_n-822x1024.jpg?v=1720137158 822w, https:\/\/periodicolarepublica.com\/wp-content\/uploads\/2024\/07\/449740152_1901228643710224_8277327394088573505_n-768x957.jpg?v=1720137158 768w, https:\/\/periodicolarepublica.com\/wp-content\/uploads\/2024\/07\/449740152_1901228643710224_8277327394088573505_n-150x187.jpg?v=1720137158 150w, https:\/\/periodicolarepublica.com\/wp-content\/uploads\/2024\/07\/449740152_1901228643710224_8277327394088573505_n-300x374.jpg?v=1720137158 300w, https:\/\/periodicolarepublica.com\/wp-content\/uploads\/2024\/07\/449740152_1901228643710224_8277327394088573505_n-600x748.jpg?v=1720137158 600w, https:\/\/periodicolarepublica.com\/wp-content\/uploads\/2024\/07\/449740152_1901228643710224_8277327394088573505_n-696x867.jpg?v=1720137158 696w, https:\/\/periodicolarepublica.com\/wp-content\/uploads\/2024\/07\/449740152_1901228643710224_8277327394088573505_n-1068x1331.jpg?v=1720137158 1068w, https:\/\/periodicolarepublica.com\/wp-content\/uploads\/2024\/07\/449740152_1901228643710224_8277327394088573505_n.jpg?v=1720137158 1080w\" sizes=\"auto, (max-width: 241px) 100vw, 241px\" \/>Santo Domingo, Rep\u00fablica Dominicana, 4 de julio de 2024 &#8211; El Director General de Aduanas, Eduardo Sanz Lovat\u00f3n, y el Ministro de Salud P\u00fablica, Dr. V\u00edctor Atallah, anunciaron hoy una iniciativa conjunta para evaluar la calidad de los alimentos e impulsar el acceso a productos enriquecidos con hierro y yodo en el pa\u00eds.<br \/><br \/>Mediante esta colaboraci\u00f3n estrat\u00e9gica, ambas instituciones buscan garantizar que los alimentos importados y distribuidos en el mercado dominicano cumplan con los m\u00e1s altos est\u00e1ndares nutricionales. El objetivo es asegurar que la poblaci\u00f3n tenga acceso a productos fortificados que contribuyan a mejorar los niveles de hierro y yodo, nutrientes esenciales para el desarrollo y la salud.<br \/><br \/>\u00abTrabajar de la mano con el Ministerio de Salud P\u00fablica es fundamental para velar por la calidad e inocuidad de los alimentos que llegan a los hogares dominicanos\u00bb, afirm\u00f3 Eduardo Sanz Lovat\u00f3n, Director General de Aduanas. \u00abJuntos, haremos todo lo necesario para que los ciudadanos puedan contar con una alimentaci\u00f3n m\u00e1s nutritiva y saludable\u00bb.<br \/><br \/>Por su parte, el Ministro de Salud P\u00fablica, Dr. V\u00edctor Atallah, destac\u00f3: \u00abEsta alianza estrat\u00e9gica nos permitir\u00e1 fortalecer los mecanismos de control y seguimiento de los productos alimenticios, con el fin de garantizar que cumplan con los requisitos nutricionales establecidos. Estamos comprometidos a mejorar la calidad de vida de todos los dominicanos a trav\u00e9s de una mejor nutrici\u00f3n\u00bb.<br \/><br \/>La Direcci\u00f3n General de Aduanas y el Ministerio de Salud P\u00fablica continuar\u00e1n trabajando de manera coordinada para implementar esta iniciativa y mantener informada a la poblaci\u00f3n sobre los avances y beneficios para la salud de los dominicanos.<\/p>\r\n","protected":false},"excerpt":{"rendered":"<p>Santo Domingo, Rep\u00fablica Dominicana, 4 de julio de 2024 &#8211; El Director General de Aduanas, Eduardo Sanz Lovat\u00f3n, y el Ministro de Salud P\u00fablica, Dr. V\u00edctor Atallah, anunciaron hoy una iniciativa conjunta para evaluar la calidad de los alimentos e impulsar el acceso a productos enriquecidos con hierro y yodo en el pa\u00eds. Mediante esta [&hellip;]<\/p>\n","protected":false},"author":6,"featured_media":1174,"comment_status":"open","ping_status":"open","sticky":false,"template":"","format":"standard","meta":{"om_disable_all_campaigns":false,"_monsterinsights_skip_tracking":false,"_monsterinsights_sitenote_active":false,"_monsterinsights_sitenote_note":"","_monsterinsights_sitenote_category":0,"footnotes":""},"categories":[1],"tags":[264,161],"class_list":{"0":"post-1169","1":"post","2":"type-post","3":"status-publish","4":"format-standard","5":"has-post-thumbnail","7":"category-nacionales","8":"tag-eduardo-sanz-lovaton","9":"tag-victor-atallah"},"aioseo_notices":[],"_links":{"self":[{"href":"https:\/\/periodicolarepublica.com\/index.php\/wp-json\/wp\/v2\/posts\/1169","targetHints":{"allow":["GET"]}}],"collection":[{"href":"https:\/\/periodicolarepublica.com\/index.php\/wp-json\/wp\/v2\/posts"}],"about":[{"href":"https:\/\/periodicolarepublica.com\/index.php\/wp-json\/wp\/v2\/types\/post"}],"author":[{"embeddable":true,"href":"https:\/\/periodicolarepublica.com\/index.php\/wp-json\/wp\/v2\/users\/6"}],"replies":[{"embeddable":true,"href":"https:\/\/periodicolarepublica.com\/index.php\/wp-json\/wp\/v2\/comments?post=1169"}],"version-history":[{"count":4,"href":"https:\/\/periodicolarepublica.com\/index.php\/wp-json\/wp\/v2\/posts\/1169\/revisions"}],"predecessor-version":[{"id":1177,"href":"https:\/\/periodicolarepublica.com\/index.php\/wp-json\/wp\/v2\/posts\/1169\/revisions\/1177"}],"wp:featuredmedia":[{"embeddable":true,"href":"https:\/\/periodicolarepublica.com\/index.php\/wp-json\/wp\/v2\/media\/1174"}],"wp:attachment":[{"href":"https:\/\/periodicolarepublica.com\/index.php\/wp-json\/wp\/v2\/media?parent=1169"}],"wp:term":[{"taxonomy":"category","embeddable":true,"href":"https:\/\/periodicolarepublica.com\/index.php\/wp-json\/wp\/v2\/categories?post=1169"},{"taxonomy":"post_tag","embeddable":true,"href":"https:\/\/periodicolarepublica.com\/index.php\/wp-json\/wp\/v2\/tags?post=1169"}],"curies":[{"name":"wp","href":"https:\/\/api.w.org\/{rel}","templated":true}]}}