{"id":1173,"date":"2024-07-27T16:39:46","date_gmt":"2024-07-27T14:39:46","guid":{"rendered":"https:\/\/periodicolarepublica.com\/?p=1173"},"modified":"2024-08-02T21:30:54","modified_gmt":"2024-08-02T19:30:54","slug":"roberto-angel-encabeza-lanzamiento-de-la-ruta-de-arte-urbano","status":"publish","type":"post","link":"https:\/\/periodicolarepublica.com\/index.php\/2024\/07\/27\/roberto-angel-encabeza-lanzamiento-de-la-ruta-de-arte-urbano\/","title":{"rendered":"Roberto \u00c1ngel encabeza lanzamiento de la Ruta de Arte Urbano con 6,507.4 m\u00b2 en provincia Duarte"},"content":{"rendered":"\r\n<p>*Roberto \u00c1ngel encabeza lanzamiento de laLa iniciativa abarca los municipios San Francisco de Macor\u00eds, Arenoso, Castillo, Pimentel, Las Guaranas, Villa Riva; y sus distritos municipales<\/p>\r\n<p><img loading=\"lazy\" decoding=\"async\" class=\"alignnone size-medium wp-image-1393 alignleft\" src=\"https:\/\/periodicolarepublica.com\/wp-content\/uploads\/2024\/07\/IMG-20240726-WA00601-300x200.jpg\" alt=\"\" width=\"300\" height=\"200\" srcset=\"https:\/\/periodicolarepublica.com\/wp-content\/uploads\/2024\/07\/IMG-20240726-WA00601-300x200.jpg?v=1722625920 300w, https:\/\/periodicolarepublica.com\/wp-content\/uploads\/2024\/07\/IMG-20240726-WA00601-1024x683.jpg?v=1722625920 1024w, https:\/\/periodicolarepublica.com\/wp-content\/uploads\/2024\/07\/IMG-20240726-WA00601-768x512.jpg?v=1722625920 768w, https:\/\/periodicolarepublica.com\/wp-content\/uploads\/2024\/07\/IMG-20240726-WA00601-1536x1024.jpg?v=1722625920 1536w, https:\/\/periodicolarepublica.com\/wp-content\/uploads\/2024\/07\/IMG-20240726-WA00601-2048x1366.jpg?v=1722625920 2048w, https:\/\/periodicolarepublica.com\/wp-content\/uploads\/2024\/07\/IMG-20240726-WA00601-150x100.jpg?v=1722625920 150w, https:\/\/periodicolarepublica.com\/wp-content\/uploads\/2024\/07\/IMG-20240726-WA00601-600x400.jpg?v=1722625920 600w, https:\/\/periodicolarepublica.com\/wp-content\/uploads\/2024\/07\/IMG-20240726-WA00601-696x464.jpg?v=1722625920 696w, https:\/\/periodicolarepublica.com\/wp-content\/uploads\/2024\/07\/IMG-20240726-WA00601-1392x928.jpg?v=1722625920 1392w, https:\/\/periodicolarepublica.com\/wp-content\/uploads\/2024\/07\/IMG-20240726-WA00601-1068x712.jpg?v=1722625920 1068w, https:\/\/periodicolarepublica.com\/wp-content\/uploads\/2024\/07\/IMG-20240726-WA00601-1920x1280.jpg?v=1722625920 1920w\" sizes=\"auto, (max-width: 300px) 100vw, 300px\" \/><\/p>\r\n<p>*Duarte, RD* -El director de Proyectos Estrat\u00e9gicos y Especiales de la Presidencia (Propeep), Roberto \u00c1ngel Salcedo, encabez\u00f3 el acto de lanzamiento de la \u00abRuta de Arte Urbano\u00bb, con 6,507.4 m\u00b2, en la provincia Duarte, un proyecto innovador que busca embellecer el entorno urbano, fomentar la participaci\u00f3n comunitaria y promover el talento art\u00edstico y cultural local.<\/p>\r\n<p>Durante sus palabras de apertura, Roberto \u00c1ngel se\u00f1al\u00f3 que las obras de arte urbano que ahora adornan calles y espacios de los municipios San Francisco de Macor\u00eds, Pimentel y Castillo, reflejan la identidad cultural y la riqueza hist\u00f3rica de la regi\u00f3n, lo que lo convierte en un atractivo para residentes y visitantes.<\/p>\r\n<p>\u00abLa Ruta de Arte Urbano es una iniciativa m\u00e1s de gobierno del presidente Luis Abinader, quien busca impulsar el desarrollo cultural y social de la provincia, creando espacios que inspiran y conectan las personas.<\/p>\r\n<p>El funcionario sostuvo que con la inauguraci\u00f3n de esos espacios art\u00edsticos Propeep reafirma el compromiso de promover el arte y la cultura en el pa\u00eds y dar apoyo y visibilidad a los artistas locales.<\/p>\r\n<p>*Impacta a todos los municipios*<\/p>\r\n<p>Esta primera Ruta de Arte Urbano impacta los municipios de Villa Riva, Arenoso, Castillo, Pimentel, Las Gu\u00e1ranas, y San Francisco de Macor\u00eds, con once paseos de los colores, incluido dos peatonales; cuatro parques renovados, y dos viviendas remozadas, cubriendo m\u00e1s de 6,507.4 m\u00b2 de arte p\u00fablico.<\/p>\r\n<p>Con el programa el Paseo de Los Colores, de la direcci\u00f3n Dominicana Cultural y Creativa, se ha logrado transformar m\u00e1s de 42 mil metros cuadrados de arte p\u00fablico a nivel nacional, durante la gesti\u00f3n de Roberto \u00c1ngel; mejorando la visi\u00f3n urban\u00edstica y el espacio y amigable para el disfrute de la familia.<\/p>\r\n<p>Al dejar inaugurados los Paseos de los Colores en la provincia Duarte, Roberto \u00c1ngel Salcedo estuvo acompa\u00f1ado de la Gobernadora Civil Provincial, Xiomara Cort\u00e9s; el alcalde de SFM, Alex D\u00edaz; el alcalde de Castillo, Faurys V\u00e9lez; el alcalde de Pimentel, Noel Abreu Mora; la artista Diomari la Mala; diputados, regidores y otras autoridades provinciales y municipales de cada demarcaci\u00f3n, as\u00ed como de dirigentes comunitarios, empresarios y representantes de sectores de la sociedad civil.<\/p>\r\n<p>Cada Paseo de Los Colores, resalta la cultura, historia y riquezas locales y rinden tributo a los personajes hist\u00f3ricos de cada municipio y a la producci\u00f3n agr\u00edcola y ganadera de las provincias.<\/p>\r\n<p>*Direcci\u00f3n de Comunicaciones Propeep*<\/p>\r\n","protected":false},"excerpt":{"rendered":"<p>*Roberto \u00c1ngel encabeza lanzamiento de laLa iniciativa abarca los municipios San Francisco de Macor\u00eds, Arenoso, Castillo, Pimentel, Las Guaranas, Villa Riva; y sus distritos municipales *Duarte, RD* -El director de Proyectos Estrat\u00e9gicos y Especiales de la Presidencia (Propeep), Roberto \u00c1ngel Salcedo, encabez\u00f3 el acto de lanzamiento de la \u00abRuta de Arte Urbano\u00bb, con 6,507.4 m\u00b2, [&hellip;]<\/p>\n","protected":false},"author":6,"featured_media":1393,"comment_status":"closed","ping_status":"closed","sticky":false,"template":"","format":"standard","meta":{"om_disable_all_campaigns":false,"_monsterinsights_skip_tracking":false,"_monsterinsights_sitenote_active":false,"_monsterinsights_sitenote_note":"","_monsterinsights_sitenote_category":0,"footnotes":""},"categories":[1],"tags":[287],"class_list":{"0":"post-1173","1":"post","2":"type-post","3":"status-publish","4":"format-standard","5":"has-post-thumbnail","7":"category-nacionales","8":"tag-roberto-angel"},"aioseo_notices":[],"_links":{"self":[{"href":"https:\/\/periodicolarepublica.com\/index.php\/wp-json\/wp\/v2\/posts\/1173","targetHints":{"allow":["GET"]}}],"collection":[{"href":"https:\/\/periodicolarepublica.com\/index.php\/wp-json\/wp\/v2\/posts"}],"about":[{"href":"https:\/\/periodicolarepublica.com\/index.php\/wp-json\/wp\/v2\/types\/post"}],"author":[{"embeddable":true,"href":"https:\/\/periodicolarepublica.com\/index.php\/wp-json\/wp\/v2\/users\/6"}],"replies":[{"embeddable":true,"href":"https:\/\/periodicolarepublica.com\/index.php\/wp-json\/wp\/v2\/comments?post=1173"}],"version-history":[{"count":5,"href":"https:\/\/periodicolarepublica.com\/index.php\/wp-json\/wp\/v2\/posts\/1173\/revisions"}],"predecessor-version":[{"id":1403,"href":"https:\/\/periodicolarepublica.com\/index.php\/wp-json\/wp\/v2\/posts\/1173\/revisions\/1403"}],"wp:featuredmedia":[{"embeddable":true,"href":"https:\/\/periodicolarepublica.com\/index.php\/wp-json\/wp\/v2\/media\/1393"}],"wp:attachment":[{"href":"https:\/\/periodicolarepublica.com\/index.php\/wp-json\/wp\/v2\/media?parent=1173"}],"wp:term":[{"taxonomy":"category","embeddable":true,"href":"https:\/\/periodicolarepublica.com\/index.php\/wp-json\/wp\/v2\/categories?post=1173"},{"taxonomy":"post_tag","embeddable":true,"href":"https:\/\/periodicolarepublica.com\/index.php\/wp-json\/wp\/v2\/tags?post=1173"}],"curies":[{"name":"wp","href":"https:\/\/api.w.org\/{rel}","templated":true}]}}