{"id":1178,"date":"2024-07-05T17:51:15","date_gmt":"2024-07-05T15:51:15","guid":{"rendered":"https:\/\/periodicolarepublica.com\/?p=1178"},"modified":"2024-07-05T17:51:15","modified_gmt":"2024-07-05T15:51:15","slug":"alcaldia-del-dn-dispuso-1800-personas-para-labores-preventivas-ante-efectos-de-los-fenomenos-atmosfericos","status":"publish","type":"post","link":"https:\/\/periodicolarepublica.com\/index.php\/2024\/07\/05\/alcaldia-del-dn-dispuso-1800-personas-para-labores-preventivas-ante-efectos-de-los-fenomenos-atmosfericos\/","title":{"rendered":"Alcald\u00eda del DN dispuso 1,800 personas para labores preventivas ante efectos de los fen\u00f3menos atmosf\u00e9ricos"},"content":{"rendered":"<p style=\"text-align: left;\">Brigadas han estado en las calles haciendo trabajos preventivos permanentes<\/p>\n<p><img loading=\"lazy\" decoding=\"async\" class=\"alignnone size-medium wp-image-1179\" src=\"https:\/\/periodicolarepublica.com\/wp-content\/uploads\/2024\/07\/IMG_20240705_112947-300x227.jpg\" alt=\"\" width=\"300\" height=\"227\" srcset=\"https:\/\/periodicolarepublica.com\/wp-content\/uploads\/2024\/07\/IMG_20240705_112947-300x227.jpg?v=1720194603 300w, https:\/\/periodicolarepublica.com\/wp-content\/uploads\/2024\/07\/IMG_20240705_112947-1024x774.jpg?v=1720194603 1024w, https:\/\/periodicolarepublica.com\/wp-content\/uploads\/2024\/07\/IMG_20240705_112947-768x581.jpg?v=1720194603 768w, https:\/\/periodicolarepublica.com\/wp-content\/uploads\/2024\/07\/IMG_20240705_112947-150x113.jpg?v=1720194603 150w, https:\/\/periodicolarepublica.com\/wp-content\/uploads\/2024\/07\/IMG_20240705_112947-600x454.jpg?v=1720194603 600w, https:\/\/periodicolarepublica.com\/wp-content\/uploads\/2024\/07\/IMG_20240705_112947-696x526.jpg?v=1720194603 696w, https:\/\/periodicolarepublica.com\/wp-content\/uploads\/2024\/07\/IMG_20240705_112947-1068x808.jpg?v=1720194603 1068w, https:\/\/periodicolarepublica.com\/wp-content\/uploads\/2024\/07\/IMG_20240705_112947.jpg?v=1720194603 1251w\" sizes=\"auto, (max-width: 300px) 100vw, 300px\" \/><\/p>\n<p style=\"text-align: left;\">Santo Domingo, DN &#8211; Por disposici\u00f3n de la alcaldesa Carolina Mej\u00eda, la Alcald\u00eda del Distrito Nacional dispuso desde el lunes m\u00e1s de 1,800 personas, entre bomberos y personal operativo para labores de respuesta ante los efectos de las recientes lluvias.<\/p>\n<p style=\"text-align: left;\">Se trata de un reforzamiento de las labores para mitigar los efectos dejados inicialmente por el hurac\u00e1n Beryl, ahora por una onda tropical que provoc\u00f3 que el Distrito Nacional fuera colocado bajo alerta roja por el Centro de Operaciones de Emergencias (COE).<\/p>\n<p style=\"text-align: left;\">Brigadas del ayuntamiento que estuvieron trabajando previo y durante las lluvias en las limpiezas de imbornales y filtrantes, ahora son reforzadas para que las v\u00edas y espacios vuelvan a la normalidad a la brevedad posible.<\/p>\n<p style=\"text-align: left;\">Ha sido notable la presencia de los camiones succionadores y otros equipos en varios puntos cr\u00edticos de la ciudad en los que se han producido inundaciones.<\/p>\n<p style=\"text-align: left;\">El cabildo hizo un llamado a la ciudadan\u00eda para que est\u00e9 atenta a las posibles lluvias, inform\u00e1ndose a trav\u00e9s de los boletines e informaciones que ofrecen los organismos oficiales.<\/p>\n","protected":false},"excerpt":{"rendered":"<p>Brigadas han estado en las calles haciendo trabajos preventivos permanentes Santo Domingo, DN &#8211; Por disposici\u00f3n de la alcaldesa Carolina Mej\u00eda, la Alcald\u00eda del Distrito Nacional dispuso desde el lunes m\u00e1s de 1,800 personas, entre bomberos y personal operativo para labores de respuesta ante los efectos de las recientes lluvias. Se trata de un reforzamiento [&hellip;]<\/p>\n","protected":false},"author":6,"featured_media":1179,"comment_status":"open","ping_status":"open","sticky":false,"template":"","format":"standard","meta":{"om_disable_all_campaigns":false,"_monsterinsights_skip_tracking":false,"_monsterinsights_sitenote_active":false,"_monsterinsights_sitenote_note":"","_monsterinsights_sitenote_category":0,"footnotes":""},"categories":[1],"tags":[187,37,31,265],"class_list":{"0":"post-1178","1":"post","2":"type-post","3":"status-publish","4":"format-standard","5":"has-post-thumbnail","7":"category-nacionales","8":"tag-basura","9":"tag-carolina-mejia","10":"tag-malecon","11":"tag-tapones"},"aioseo_notices":[],"_links":{"self":[{"href":"https:\/\/periodicolarepublica.com\/index.php\/wp-json\/wp\/v2\/posts\/1178","targetHints":{"allow":["GET"]}}],"collection":[{"href":"https:\/\/periodicolarepublica.com\/index.php\/wp-json\/wp\/v2\/posts"}],"about":[{"href":"https:\/\/periodicolarepublica.com\/index.php\/wp-json\/wp\/v2\/types\/post"}],"author":[{"embeddable":true,"href":"https:\/\/periodicolarepublica.com\/index.php\/wp-json\/wp\/v2\/users\/6"}],"replies":[{"embeddable":true,"href":"https:\/\/periodicolarepublica.com\/index.php\/wp-json\/wp\/v2\/comments?post=1178"}],"version-history":[{"count":1,"href":"https:\/\/periodicolarepublica.com\/index.php\/wp-json\/wp\/v2\/posts\/1178\/revisions"}],"predecessor-version":[{"id":1180,"href":"https:\/\/periodicolarepublica.com\/index.php\/wp-json\/wp\/v2\/posts\/1178\/revisions\/1180"}],"wp:featuredmedia":[{"embeddable":true,"href":"https:\/\/periodicolarepublica.com\/index.php\/wp-json\/wp\/v2\/media\/1179"}],"wp:attachment":[{"href":"https:\/\/periodicolarepublica.com\/index.php\/wp-json\/wp\/v2\/media?parent=1178"}],"wp:term":[{"taxonomy":"category","embeddable":true,"href":"https:\/\/periodicolarepublica.com\/index.php\/wp-json\/wp\/v2\/categories?post=1178"},{"taxonomy":"post_tag","embeddable":true,"href":"https:\/\/periodicolarepublica.com\/index.php\/wp-json\/wp\/v2\/tags?post=1178"}],"curies":[{"name":"wp","href":"https:\/\/api.w.org\/{rel}","templated":true}]}}