{"id":1181,"date":"2024-07-05T18:10:10","date_gmt":"2024-07-05T16:10:10","guid":{"rendered":"https:\/\/periodicolarepublica.com\/?p=1181"},"modified":"2024-07-05T18:10:10","modified_gmt":"2024-07-05T16:10:10","slug":"ogtic-uit-e-indotel-aperturan-taller-de-infraestructura-publica-digital-govstack-en-republica-dominicana","status":"publish","type":"post","link":"https:\/\/periodicolarepublica.com\/index.php\/2024\/07\/05\/ogtic-uit-e-indotel-aperturan-taller-de-infraestructura-publica-digital-govstack-en-republica-dominicana\/","title":{"rendered":"OGTIC, UIT e INDOTEL aperturan Taller de Infraestructura P\u00fablica Digital \u2018GovStack\u2019 en Rep\u00fablica Dominicana\u00a0"},"content":{"rendered":"<p>OGTIC, UIT e INDOTEL aperturan Taller de Infraestructura P\u00fablica Digital \u2018GovStack\u2019 en Rep\u00fablica Dominicana<\/p>\n<p><img loading=\"lazy\" decoding=\"async\" class=\"alignnone size-medium wp-image-1182\" src=\"https:\/\/periodicolarepublica.com\/wp-content\/uploads\/2024\/07\/IMG-20240705-WA0009-300x200.jpg\" alt=\"\" width=\"300\" height=\"200\" srcset=\"https:\/\/periodicolarepublica.com\/wp-content\/uploads\/2024\/07\/IMG-20240705-WA0009-300x200.jpg?v=1720195762 300w, https:\/\/periodicolarepublica.com\/wp-content\/uploads\/2024\/07\/IMG-20240705-WA0009-1024x682.jpg?v=1720195762 1024w, https:\/\/periodicolarepublica.com\/wp-content\/uploads\/2024\/07\/IMG-20240705-WA0009-768x512.jpg?v=1720195762 768w, https:\/\/periodicolarepublica.com\/wp-content\/uploads\/2024\/07\/IMG-20240705-WA0009-1536x1024.jpg?v=1720195762 1536w, https:\/\/periodicolarepublica.com\/wp-content\/uploads\/2024\/07\/IMG-20240705-WA0009-2048x1365.jpg?v=1720195762 2048w, https:\/\/periodicolarepublica.com\/wp-content\/uploads\/2024\/07\/IMG-20240705-WA0009-150x100.jpg?v=1720195762 150w, https:\/\/periodicolarepublica.com\/wp-content\/uploads\/2024\/07\/IMG-20240705-WA0009-600x400.jpg?v=1720195762 600w, https:\/\/periodicolarepublica.com\/wp-content\/uploads\/2024\/07\/IMG-20240705-WA0009-696x464.jpg?v=1720195762 696w, https:\/\/periodicolarepublica.com\/wp-content\/uploads\/2024\/07\/IMG-20240705-WA0009-1392x928.jpg?v=1720195762 1392w, https:\/\/periodicolarepublica.com\/wp-content\/uploads\/2024\/07\/IMG-20240705-WA0009-1068x712.jpg?v=1720195762 1068w, https:\/\/periodicolarepublica.com\/wp-content\/uploads\/2024\/07\/IMG-20240705-WA0009-1920x1280.jpg?v=1720195762 1920w\" sizes=\"auto, (max-width: 300px) 100vw, 300px\" \/><\/p>\n<p>GovStack es una iniciativa que apoya a los gobiernos en la implementaci\u00f3n de soluciones digitales efectivas y sostenibles para mejorar la prestaci\u00f3n de servicios p\u00fablicos y la participaci\u00f3n ciudadana<\/p>\n<p>Santo Domingo, La Oficina Gubernamental de Tecnolog\u00edas de la Informaci\u00f3n y Comunicaci\u00f3n (OGTIC), la Uni\u00f3n Internacional de Telecomunicaciones (UIT), y el Instituto Dominicano de las Telecomunicaciones (Indotel), dieron apertura a \u2018GovStack\u2019, una iniciativa que capacita y apoya a los gobiernos en transformaci\u00f3n digital e interoperabilidad.<\/p>\n<p>Este taller de infraestructura p\u00fablica digital est\u00e1 dirigido a t\u00e9cnicos de alto nivel, directores y encargados TIC de las entidades p\u00fablicas, con temas focalizados en el avance de procesos de interoperabilidad y capacidades para mejorar la prestaci\u00f3n de servicios p\u00fablicos, estimular el crecimiento econ\u00f3mico y fomentar la innovaci\u00f3n.<\/p>\n<p>Asimismo, el encuentro impulsa el apoyo a los gobiernos de la regi\u00f3n, en el dise\u00f1o e implementaci\u00f3n de planes e iniciativas de transformaci\u00f3n digital para mejorar la eficiencia del sector p\u00fablico y la calidad de los servicios proporcionados a los ciudadanos y al sector privado.<\/p>\n<p>Esta jornada de formaci\u00f3n e intercambio de buenas pr\u00e1cticas est\u00e1 alineada con la visi\u00f3n del presidente Luis Abinader, de mejorar la calidad de vida de los ciudadanos y responde a la ejecuci\u00f3n de la Estrategia Nacional de Interoperabilidad, liderada por la OGTIC.<\/p>\n<p>Edwin Rodr\u00edguez, director de Transformaci\u00f3n Digital Gubernamental de la OGTIC, quien habl\u00f3 en representaci\u00f3n del director general de la OGTIC y director ejecutivo del Gabinete de Innovaci\u00f3n y Desarrollo Digital, Bartolom\u00e9 Pujals, expres\u00f3 que: \u201cEl objetivo de este taller es desarrollar un modelo de servicios e infraestructura digital p\u00fablica que permita a los pa\u00edses a Am\u00e9rica Latina y El Caribe avanzar de manera significativa en su proceso de digitalizaci\u00f3n y as\u00ed garantizar un ecosistema interoperable, confiable y adaptable\u201d.<\/p>\n<p>\u201cGovstack es un conjunto de soluciones para desarrollar servicios digitales como parte de una estrategia de transformaci\u00f3n digital que requiere una inversi\u00f3n considerable en infraestructura de conectividad, el desarrollo de habilidades digitales a todo nivel y la creaci\u00f3n de las condiciones para la inserci\u00f3n laboral\u201d, afirm\u00f3 Miguel Alcaine, representante regional de la Uni\u00f3n Internacional de Telecomunicaciones (UIT).<\/p>\n","protected":false},"excerpt":{"rendered":"<p>OGTIC, UIT e INDOTEL aperturan Taller de Infraestructura P\u00fablica Digital \u2018GovStack\u2019 en Rep\u00fablica Dominicana GovStack es una iniciativa que apoya a los gobiernos en la implementaci\u00f3n de soluciones digitales efectivas y sostenibles para mejorar la prestaci\u00f3n de servicios p\u00fablicos y la participaci\u00f3n ciudadana Santo Domingo, La Oficina Gubernamental de Tecnolog\u00edas de la Informaci\u00f3n y Comunicaci\u00f3n [&hellip;]<\/p>\n","protected":false},"author":6,"featured_media":1182,"comment_status":"open","ping_status":"open","sticky":false,"template":"","format":"standard","meta":{"om_disable_all_campaigns":false,"_monsterinsights_skip_tracking":false,"_monsterinsights_sitenote_active":false,"_monsterinsights_sitenote_note":"","_monsterinsights_sitenote_category":0,"footnotes":""},"categories":[1],"tags":[233],"class_list":{"0":"post-1181","1":"post","2":"type-post","3":"status-publish","4":"format-standard","5":"has-post-thumbnail","7":"category-nacionales","8":"tag-ogtic-com"},"aioseo_notices":[],"_links":{"self":[{"href":"https:\/\/periodicolarepublica.com\/index.php\/wp-json\/wp\/v2\/posts\/1181","targetHints":{"allow":["GET"]}}],"collection":[{"href":"https:\/\/periodicolarepublica.com\/index.php\/wp-json\/wp\/v2\/posts"}],"about":[{"href":"https:\/\/periodicolarepublica.com\/index.php\/wp-json\/wp\/v2\/types\/post"}],"author":[{"embeddable":true,"href":"https:\/\/periodicolarepublica.com\/index.php\/wp-json\/wp\/v2\/users\/6"}],"replies":[{"embeddable":true,"href":"https:\/\/periodicolarepublica.com\/index.php\/wp-json\/wp\/v2\/comments?post=1181"}],"version-history":[{"count":1,"href":"https:\/\/periodicolarepublica.com\/index.php\/wp-json\/wp\/v2\/posts\/1181\/revisions"}],"predecessor-version":[{"id":1183,"href":"https:\/\/periodicolarepublica.com\/index.php\/wp-json\/wp\/v2\/posts\/1181\/revisions\/1183"}],"wp:featuredmedia":[{"embeddable":true,"href":"https:\/\/periodicolarepublica.com\/index.php\/wp-json\/wp\/v2\/media\/1182"}],"wp:attachment":[{"href":"https:\/\/periodicolarepublica.com\/index.php\/wp-json\/wp\/v2\/media?parent=1181"}],"wp:term":[{"taxonomy":"category","embeddable":true,"href":"https:\/\/periodicolarepublica.com\/index.php\/wp-json\/wp\/v2\/categories?post=1181"},{"taxonomy":"post_tag","embeddable":true,"href":"https:\/\/periodicolarepublica.com\/index.php\/wp-json\/wp\/v2\/tags?post=1181"}],"curies":[{"name":"wp","href":"https:\/\/api.w.org\/{rel}","templated":true}]}}