{"id":1184,"date":"2024-07-05T18:22:10","date_gmt":"2024-07-05T16:22:10","guid":{"rendered":"https:\/\/periodicolarepublica.com\/?p=1184"},"modified":"2024-07-05T18:22:10","modified_gmt":"2024-07-05T16:22:10","slug":"juan-manuel-urena-nuevo-presidente-consejo-de-adm-banco-ademi","status":"publish","type":"post","link":"https:\/\/periodicolarepublica.com\/index.php\/2024\/07\/05\/juan-manuel-urena-nuevo-presidente-consejo-de-adm-banco-ademi\/","title":{"rendered":"JUAN MANUEL URE\u00d1A NUEVO PRESIDENTE CONSEJO DE ADM. BANCO ADEMI"},"content":{"rendered":"<p>El Banco m\u00faltiple ADEMI inform\u00f3 que el empresario Juan Manuel Ure\u00f1a asumi\u00f3 como nuevo presidente de su Consejo de Administraci\u00f3n en sustituci\u00f3n de Ra\u00fal Lluberes.<\/p>\n<p><img loading=\"lazy\" decoding=\"async\" class=\"alignnone size-medium wp-image-1185\" src=\"https:\/\/periodicolarepublica.com\/wp-content\/uploads\/2024\/07\/Picsart_24-07-05_12-17-30-307-300x233.jpg\" alt=\"\" width=\"300\" height=\"233\" srcset=\"https:\/\/periodicolarepublica.com\/wp-content\/uploads\/2024\/07\/Picsart_24-07-05_12-17-30-307-300x233.jpg?v=1720196433 300w, https:\/\/periodicolarepublica.com\/wp-content\/uploads\/2024\/07\/Picsart_24-07-05_12-17-30-307-1024x795.jpg?v=1720196433 1024w, https:\/\/periodicolarepublica.com\/wp-content\/uploads\/2024\/07\/Picsart_24-07-05_12-17-30-307-768x597.jpg?v=1720196433 768w, https:\/\/periodicolarepublica.com\/wp-content\/uploads\/2024\/07\/Picsart_24-07-05_12-17-30-307-1536x1193.jpg?v=1720196433 1536w, https:\/\/periodicolarepublica.com\/wp-content\/uploads\/2024\/07\/Picsart_24-07-05_12-17-30-307-2048x1591.jpg?v=1720196433 2048w, https:\/\/periodicolarepublica.com\/wp-content\/uploads\/2024\/07\/Picsart_24-07-05_12-17-30-307-150x117.jpg?v=1720196433 150w, https:\/\/periodicolarepublica.com\/wp-content\/uploads\/2024\/07\/Picsart_24-07-05_12-17-30-307-600x466.jpg?v=1720196433 600w, https:\/\/periodicolarepublica.com\/wp-content\/uploads\/2024\/07\/Picsart_24-07-05_12-17-30-307-696x541.jpg?v=1720196433 696w, https:\/\/periodicolarepublica.com\/wp-content\/uploads\/2024\/07\/Picsart_24-07-05_12-17-30-307-1392x1081.jpg?v=1720196433 1392w, https:\/\/periodicolarepublica.com\/wp-content\/uploads\/2024\/07\/Picsart_24-07-05_12-17-30-307-1068x830.jpg?v=1720196433 1068w, https:\/\/periodicolarepublica.com\/wp-content\/uploads\/2024\/07\/Picsart_24-07-05_12-17-30-307-1920x1492.jpg?v=1720196433 1920w\" sizes=\"auto, (max-width: 300px) 100vw, 300px\" \/><\/p>\n<p>Juan Manuel Ure\u00f1a asumi\u00f3 la presidencia del Consejo luego de tener 12 a\u00f1os dentro de dicho \u00f3rgano, y habiendo desempe\u00f1ado durante todos esos a\u00f1os el cargo de vicepresidente del mismo. El se\u00f1or Ra\u00fal Lluberes quien fung\u00eda como presidente de esta entidad, present\u00f3 su retiro de la posici\u00f3n por razones m\u00e9dicas y familiares.<\/p>\n<p>Vale destacar que Juan Manuel Ure\u00f1a fue presidente de la C\u00e1mara de Comercio y producci\u00f3n de Santiago, tambi\u00e9n es miembro de diferentes juntas de directores de instituciones de gran importancia para el pa\u00eds, como la Pontifica Universidad Cat\u00f3lica Madre y Maestra, Aeropuerto Internacional del Cibao, la Corporaci\u00f3n de Zonas Francas de Santiago, entre otras.<\/p>\n<p>Banco Ademi, dio a conocer la informaci\u00f3n a trav\u00e9s de un comunicado enviado a los medios de comunicaci\u00f3n, donde tambi\u00e9n inform\u00f3 que toda la estructura ejecutiva del banco contin\u00faa sin ninguna variaci\u00f3n, manteniendo al se\u00f1or Andr\u00e9s Bordas como presidente ejecutivo de la entidad.<\/p>\n<p>El nuevo presidente del Consejo de Administraci\u00f3n de Banco Ademi agradeci\u00f3 a la instituci\u00f3n la confianza depositada en \u00e9l, y el gran trabajo que durante 12 a\u00f1os realiz\u00f3 Ra\u00fal Lluberes al frente de la entidad.<\/p>\n<p>De su parte, Lluberes, quien contin\u00faa siendo un importante accionista de Banco Ademi, expres\u00f3 a su Consejo de Administraci\u00f3n y a los colaboradores que \u201cha sido un honor haber sido distinguido con la confianza de este cargo por m\u00e1s de una d\u00e9cada\u201d y expres\u00f3 que espera poder volver a colaborar con la instituci\u00f3n m\u00e1s adelante.<\/p>\n<p>SOBRE BANCO ADEMI<\/p>\n<p>Con casi 40 a\u00f1os brindando una mano a las familias dominicanas, el Banco M\u00faltiple Ademi, es pionero en otorgar financiamientos a uno de los principales motores de nuestra econom\u00eda: las micro y peque\u00f1as empresas; procurando estimular el desarrollo econ\u00f3mico y los proyectos de los sectores m\u00e1s vulnerables de nuestra sociedad.<\/p>\n<p>Actualmente, el banco brinda sus servicios a trav\u00e9s de 74 sucursales, distribuidas en todo el territorio nacional, con un equipo humano de m\u00e1s de 1,500 colaboradores y un diversificado portafolio de productos dise\u00f1ados para satisfacer las necesidades financieras de nuestros clientes.<\/p>\n","protected":false},"excerpt":{"rendered":"<p>El Banco m\u00faltiple ADEMI inform\u00f3 que el empresario Juan Manuel Ure\u00f1a asumi\u00f3 como nuevo presidente de su Consejo de Administraci\u00f3n en sustituci\u00f3n de Ra\u00fal Lluberes. Juan Manuel Ure\u00f1a asumi\u00f3 la presidencia del Consejo luego de tener 12 a\u00f1os dentro de dicho \u00f3rgano, y habiendo desempe\u00f1ado durante todos esos a\u00f1os el cargo de vicepresidente del mismo. [&hellip;]<\/p>\n","protected":false},"author":6,"featured_media":1185,"comment_status":"open","ping_status":"open","sticky":false,"template":"","format":"standard","meta":{"om_disable_all_campaigns":false,"_monsterinsights_skip_tracking":false,"_monsterinsights_sitenote_active":false,"_monsterinsights_sitenote_note":"","_monsterinsights_sitenote_category":0,"footnotes":""},"categories":[33,1],"tags":[267,266],"class_list":{"0":"post-1184","1":"post","2":"type-post","3":"status-publish","4":"format-standard","5":"has-post-thumbnail","7":"category-canal-financiero","8":"category-nacionales","9":"tag-ademi-com","10":"tag-banco-ademi"},"aioseo_notices":[],"_links":{"self":[{"href":"https:\/\/periodicolarepublica.com\/index.php\/wp-json\/wp\/v2\/posts\/1184","targetHints":{"allow":["GET"]}}],"collection":[{"href":"https:\/\/periodicolarepublica.com\/index.php\/wp-json\/wp\/v2\/posts"}],"about":[{"href":"https:\/\/periodicolarepublica.com\/index.php\/wp-json\/wp\/v2\/types\/post"}],"author":[{"embeddable":true,"href":"https:\/\/periodicolarepublica.com\/index.php\/wp-json\/wp\/v2\/users\/6"}],"replies":[{"embeddable":true,"href":"https:\/\/periodicolarepublica.com\/index.php\/wp-json\/wp\/v2\/comments?post=1184"}],"version-history":[{"count":1,"href":"https:\/\/periodicolarepublica.com\/index.php\/wp-json\/wp\/v2\/posts\/1184\/revisions"}],"predecessor-version":[{"id":1186,"href":"https:\/\/periodicolarepublica.com\/index.php\/wp-json\/wp\/v2\/posts\/1184\/revisions\/1186"}],"wp:featuredmedia":[{"embeddable":true,"href":"https:\/\/periodicolarepublica.com\/index.php\/wp-json\/wp\/v2\/media\/1185"}],"wp:attachment":[{"href":"https:\/\/periodicolarepublica.com\/index.php\/wp-json\/wp\/v2\/media?parent=1184"}],"wp:term":[{"taxonomy":"category","embeddable":true,"href":"https:\/\/periodicolarepublica.com\/index.php\/wp-json\/wp\/v2\/categories?post=1184"},{"taxonomy":"post_tag","embeddable":true,"href":"https:\/\/periodicolarepublica.com\/index.php\/wp-json\/wp\/v2\/tags?post=1184"}],"curies":[{"name":"wp","href":"https:\/\/api.w.org\/{rel}","templated":true}]}}