{"id":1187,"date":"2024-07-06T03:12:36","date_gmt":"2024-07-06T01:12:36","guid":{"rendered":"https:\/\/periodicolarepublica.com\/?p=1187"},"modified":"2024-07-06T03:12:36","modified_gmt":"2024-07-06T01:12:36","slug":"consultores-asisten-a-ceremonia-de-graduacion-de-la-escuela-de-estrategia-internacional-goberna","status":"publish","type":"post","link":"https:\/\/periodicolarepublica.com\/index.php\/2024\/07\/06\/consultores-asisten-a-ceremonia-de-graduacion-de-la-escuela-de-estrategia-internacional-goberna\/","title":{"rendered":"Consultores asisten a ceremonia de graduaci\u00f3n de la Escuela de Estrategia Internacional Goberna"},"content":{"rendered":"<p>Guayaquil, Ecuador. El pasado s\u00e1bado 29 de junio, destacados asesores ,consultores pol\u00edticos y militares se reunieron en Guayaquil, Ecuador, para asistir a la ceremonia de graduaci\u00f3n de la Escuela de Estrategia Internacional Goberna. Durante el evento, renombrados consultores internacionales como el Ex Ministro de Defensa del Per\u00fa, Jorge Luis Ch\u00e1vez, el ex General Piloto de Ecuador Jos\u00e9 Ricardo Hidalgo Obando, el abogado y defensor de los Derechos Humanos en Ecuador, Gabriel Fernando Ugarte Olvera, y de la Rep\u00fablica Dominicana, Carlos Rojas, abogado, consultor y estratega pol\u00edtico\/militar, compartieron sus experiencias y perspectivas sobre el espacio profesional que ofrece Goberna.<\/p>\n<p><img loading=\"lazy\" decoding=\"async\" class=\"alignnone size-medium wp-image-1188\" src=\"https:\/\/periodicolarepublica.com\/wp-content\/uploads\/2024\/07\/IMG-20240705-WA0083-300x196.jpg\" alt=\"\" width=\"300\" height=\"196\" srcset=\"https:\/\/periodicolarepublica.com\/wp-content\/uploads\/2024\/07\/IMG-20240705-WA0083-300x196.jpg?v=1720228274 300w, https:\/\/periodicolarepublica.com\/wp-content\/uploads\/2024\/07\/IMG-20240705-WA0083-1024x670.jpg?v=1720228274 1024w, https:\/\/periodicolarepublica.com\/wp-content\/uploads\/2024\/07\/IMG-20240705-WA0083-768x502.jpg?v=1720228274 768w, https:\/\/periodicolarepublica.com\/wp-content\/uploads\/2024\/07\/IMG-20240705-WA0083-150x98.jpg?v=1720228274 150w, https:\/\/periodicolarepublica.com\/wp-content\/uploads\/2024\/07\/IMG-20240705-WA0083-600x392.jpg?v=1720228274 600w, https:\/\/periodicolarepublica.com\/wp-content\/uploads\/2024\/07\/IMG-20240705-WA0083-696x455.jpg?v=1720228274 696w, https:\/\/periodicolarepublica.com\/wp-content\/uploads\/2024\/07\/IMG-20240705-WA0083-1068x698.jpg?v=1720228274 1068w, https:\/\/periodicolarepublica.com\/wp-content\/uploads\/2024\/07\/IMG-20240705-WA0083.jpg?v=1720228274 1280w\" sizes=\"auto, (max-width: 300px) 100vw, 300px\" \/><\/p>\n<p>Las intervenciones se centraron en la importancia de la estrategia al momento de estructurar un War Room o &#8216;Cuarto de guerra&#8217;. Se abordaron temas de actualidad como la crisis en Bolivia, el intento de golpe de estado, as\u00ed como el reciente debate de los candidatos presidenciales en Estados Unidos. Se hizo un llamado al fortalecimiento de la democracia en los lugares donde trabajamos, contribuyendo a la creaci\u00f3n de democracias m\u00e1s s\u00f3lidas.<\/p>\n<p>Uno de los puntos m\u00e1s importante es la aclaraci\u00f3n que detr\u00e1s de cada pantalla hay un ciudadano esperando resolver los problemas de su patria y su familia, enfatizando la necesidad de comprometerse verdaderamente en la b\u00fasqueda de soluciones, m\u00e1s all\u00e1 de simplemente ganar elecciones, apoyando a nuestros candidatos para lograr un impacto positivo en las sociedades de Am\u00e9rica Latina.<\/p>\n<p>Estos espacios, como la Escuela de Goberna, deben ser preservados, para fomentar debates profesionales y llevar soluciones democr\u00e1ticas.<\/p>\n","protected":false},"excerpt":{"rendered":"<p>Guayaquil, Ecuador. El pasado s\u00e1bado 29 de junio, destacados asesores ,consultores pol\u00edticos y militares se reunieron en Guayaquil, Ecuador, para asistir a la ceremonia de graduaci\u00f3n de la Escuela de Estrategia Internacional Goberna. Durante el evento, renombrados consultores internacionales como el Ex Ministro de Defensa del Per\u00fa, Jorge Luis Ch\u00e1vez, el ex General Piloto de [&hellip;]<\/p>\n","protected":false},"author":6,"featured_media":1188,"comment_status":"open","ping_status":"open","sticky":false,"template":"","format":"standard","meta":{"om_disable_all_campaigns":false,"_monsterinsights_skip_tracking":false,"_monsterinsights_sitenote_active":false,"_monsterinsights_sitenote_note":"","_monsterinsights_sitenote_category":0,"footnotes":""},"categories":[1,127],"tags":[],"class_list":{"0":"post-1187","1":"post","2":"type-post","3":"status-publish","4":"format-standard","5":"has-post-thumbnail","7":"category-nacionales","8":"category-politica"},"aioseo_notices":[],"_links":{"self":[{"href":"https:\/\/periodicolarepublica.com\/index.php\/wp-json\/wp\/v2\/posts\/1187","targetHints":{"allow":["GET"]}}],"collection":[{"href":"https:\/\/periodicolarepublica.com\/index.php\/wp-json\/wp\/v2\/posts"}],"about":[{"href":"https:\/\/periodicolarepublica.com\/index.php\/wp-json\/wp\/v2\/types\/post"}],"author":[{"embeddable":true,"href":"https:\/\/periodicolarepublica.com\/index.php\/wp-json\/wp\/v2\/users\/6"}],"replies":[{"embeddable":true,"href":"https:\/\/periodicolarepublica.com\/index.php\/wp-json\/wp\/v2\/comments?post=1187"}],"version-history":[{"count":1,"href":"https:\/\/periodicolarepublica.com\/index.php\/wp-json\/wp\/v2\/posts\/1187\/revisions"}],"predecessor-version":[{"id":1189,"href":"https:\/\/periodicolarepublica.com\/index.php\/wp-json\/wp\/v2\/posts\/1187\/revisions\/1189"}],"wp:featuredmedia":[{"embeddable":true,"href":"https:\/\/periodicolarepublica.com\/index.php\/wp-json\/wp\/v2\/media\/1188"}],"wp:attachment":[{"href":"https:\/\/periodicolarepublica.com\/index.php\/wp-json\/wp\/v2\/media?parent=1187"}],"wp:term":[{"taxonomy":"category","embeddable":true,"href":"https:\/\/periodicolarepublica.com\/index.php\/wp-json\/wp\/v2\/categories?post=1187"},{"taxonomy":"post_tag","embeddable":true,"href":"https:\/\/periodicolarepublica.com\/index.php\/wp-json\/wp\/v2\/tags?post=1187"}],"curies":[{"name":"wp","href":"https:\/\/api.w.org\/{rel}","templated":true}]}}