{"id":1190,"date":"2024-07-06T04:35:11","date_gmt":"2024-07-06T02:35:11","guid":{"rendered":"https:\/\/periodicolarepublica.com\/?p=1190"},"modified":"2024-07-06T04:35:11","modified_gmt":"2024-07-06T02:35:11","slug":"ministro-bisono-exhorta-a-delegacion-aprovechar-oportunidad-para-promover-a-rd-en-la-feria-semicon-west","status":"publish","type":"post","link":"https:\/\/periodicolarepublica.com\/index.php\/2024\/07\/06\/ministro-bisono-exhorta-a-delegacion-aprovechar-oportunidad-para-promover-a-rd-en-la-feria-semicon-west\/","title":{"rendered":"Ministro Bison\u00f3 exhorta a delegaci\u00f3n aprovechar oportunidad para promover a RD en la feria \u201cSemicon West\u201d"},"content":{"rendered":"<p>Santo Domingo, D. N.- El ministro de Industria, Comercio y Mipymes (MICM), V\u00edctor Bison\u00f3, sostuvo un encuentro con la delegaci\u00f3n p\u00fablico-privada que participar\u00e1n en la feria m\u00e1s importante de semiconductores \u201cSemicon West 2024\u201d, en San Francisco, California, ocasi\u00f3n que aprovech\u00f3 para exhortarles que aprovechen esta oportunidad para promover las caracter\u00edsticas y ventajas competitivas que ofrece la Rep\u00fablica Dominicana como destino de inversi\u00f3n para la industria de microchips.<\/p>\n<p><img loading=\"lazy\" decoding=\"async\" class=\"alignnone size-medium wp-image-1191\" src=\"https:\/\/periodicolarepublica.com\/wp-content\/uploads\/2024\/07\/IMG_20240705_221246-300x159.jpg\" alt=\"\" width=\"300\" height=\"159\" srcset=\"https:\/\/periodicolarepublica.com\/wp-content\/uploads\/2024\/07\/IMG_20240705_221246-300x159.jpg?v=1720233194 300w, https:\/\/periodicolarepublica.com\/wp-content\/uploads\/2024\/07\/IMG_20240705_221246-1024x544.jpg?v=1720233194 1024w, https:\/\/periodicolarepublica.com\/wp-content\/uploads\/2024\/07\/IMG_20240705_221246-768x408.jpg?v=1720233194 768w, https:\/\/periodicolarepublica.com\/wp-content\/uploads\/2024\/07\/IMG_20240705_221246-150x80.jpg?v=1720233194 150w, https:\/\/periodicolarepublica.com\/wp-content\/uploads\/2024\/07\/IMG_20240705_221246-600x319.jpg?v=1720233194 600w, https:\/\/periodicolarepublica.com\/wp-content\/uploads\/2024\/07\/IMG_20240705_221246-696x370.jpg?v=1720233194 696w, https:\/\/periodicolarepublica.com\/wp-content\/uploads\/2024\/07\/IMG_20240705_221246-1068x568.jpg?v=1720233194 1068w, https:\/\/periodicolarepublica.com\/wp-content\/uploads\/2024\/07\/IMG_20240705_221246.jpg?v=1720233194 1080w\" sizes=\"auto, (max-width: 300px) 100vw, 300px\" \/><\/p>\n<p>El pa\u00eds participar\u00e1 en Semicon West con una estrategia de comunicaciones conceptualizada y dise\u00f1ada con el talento de los colaboradores del MICM junto a la C\u00e1mara Americana de Comercio de la Rep\u00fablica Dominicana (AMCHAMDR) para mostrar todo su potencial.<\/p>\n<p>\u201cNo tengo la menor duda de que al interactuar con representantes y l\u00edderes globales de la industria, aprovechar\u00e1n cada segundo para vender a la Rep\u00fablica Dominicana como el destino ideal para inversiones en semiconductores\u201d, manifest\u00f3.<\/p>\n<p>El ministro destac\u00f3 que entre las ventajas que hacen al pa\u00eds un mercado atractivo para la inversi\u00f3n en la industria est\u00e1 la estabilidad pol\u00edtica y econ\u00f3mica, infraestructura log\u00edstica avanzada, incentivos para la inversi\u00f3n, talento joven bien capacitado y la posici\u00f3n geogr\u00e1fica estrat\u00e9gica \u201cque nos convierte en un puente natural entre Am\u00e9rica del Norte, Am\u00e9rica Latina y el Caribe\u201d.<\/p>\n<p>El ministro record\u00f3 que el presidente Luis Abinader emiti\u00f3 el decreto 324-24 que declara de \u00abalta prioridad nacional\u00bb la promoci\u00f3n, la innovaci\u00f3n y el desarrollo de la industria de semiconductores en el pa\u00eds, el cual env\u00eda una fuerte se\u00f1al a la comunidad internacional sobre nuestro compromiso con este sector crucial.<\/p>\n<p>Durante el encuentro con la delegaci\u00f3n, el ministro present\u00f3 el pin ChipDriven, el cual representa \u201cnuestra identidad como un destino atractivo para la inversi\u00f3n en la industria de los semiconductores\u201d.<\/p>\n<p>El ministro agradeci\u00f3 a William Malamud, vicepresidente Ejecutivo de la AMCHAMDR, y a todo su equipo por su apoyo y colaboraci\u00f3n para lograr participar en este evento que se realizar\u00e1 del 9 al 11 de julio en el Moscone Center, donde promover\u00e1n a la Rep\u00fablica Dominicana como un destino de excelencia en la industria de semiconductores.<\/p>\n<p>De su lado, Malamud destac\u00f3 que es una gran oportunidad participar en este evento, donde los participantes podr\u00e1n nutrirse de este sector, pero a la vez promover al pa\u00eds como un destino de inversi\u00f3n.<\/p>\n<p>Malamud explic\u00f3 que la delegaci\u00f3n est\u00e1 compuesta por 47 participantes \u201ceso es una delegaci\u00f3n muy fuerte del sector p\u00fablico, privado y acad\u00e9mico, quienes tendr\u00e1n la oportunidad de conocer y aprender sobre la cadena de suministro de semiconductores, un sector bastante complejo, din\u00e1mico e innovador\u201d.<\/p>\n<p>Asimismo, el viceministro de Zonas Francas y Reg\u00edmenes Especiales del MICM, Johannes Kelner, quien encabeza la delegaci\u00f3n en representaci\u00f3n del ministro V\u00edctor Bison\u00f3, dijo que esta feria ser\u00e1 una experiencia de mucho aprendizaje, por lo que, le exhort\u00f3 a la comitiva comprometerse y trabajar todos unidos para destacar el potencial que tiene el pa\u00eds para convertirse en un jugador clave en la cadena de suministro global de semiconductores.<\/p>\n<p>&nbsp;<\/p>\n","protected":false},"excerpt":{"rendered":"<p>Santo Domingo, D. N.- El ministro de Industria, Comercio y Mipymes (MICM), V\u00edctor Bison\u00f3, sostuvo un encuentro con la delegaci\u00f3n p\u00fablico-privada que participar\u00e1n en la feria m\u00e1s importante de semiconductores \u201cSemicon West 2024\u201d, en San Francisco, California, ocasi\u00f3n que aprovech\u00f3 para exhortarles que aprovechen esta oportunidad para promover las caracter\u00edsticas y ventajas competitivas que ofrece [&hellip;]<\/p>\n","protected":false},"author":6,"featured_media":1191,"comment_status":"open","ping_status":"open","sticky":false,"template":"","format":"standard","meta":{"om_disable_all_campaigns":false,"_monsterinsights_skip_tracking":false,"_monsterinsights_sitenote_active":false,"_monsterinsights_sitenote_note":"","_monsterinsights_sitenote_category":0,"footnotes":""},"categories":[1],"tags":[268,269],"class_list":{"0":"post-1190","1":"post","2":"type-post","3":"status-publish","4":"format-standard","5":"has-post-thumbnail","7":"category-nacionales","8":"tag-ito-bisono","9":"tag-semicon"},"aioseo_notices":[],"_links":{"self":[{"href":"https:\/\/periodicolarepublica.com\/index.php\/wp-json\/wp\/v2\/posts\/1190","targetHints":{"allow":["GET"]}}],"collection":[{"href":"https:\/\/periodicolarepublica.com\/index.php\/wp-json\/wp\/v2\/posts"}],"about":[{"href":"https:\/\/periodicolarepublica.com\/index.php\/wp-json\/wp\/v2\/types\/post"}],"author":[{"embeddable":true,"href":"https:\/\/periodicolarepublica.com\/index.php\/wp-json\/wp\/v2\/users\/6"}],"replies":[{"embeddable":true,"href":"https:\/\/periodicolarepublica.com\/index.php\/wp-json\/wp\/v2\/comments?post=1190"}],"version-history":[{"count":1,"href":"https:\/\/periodicolarepublica.com\/index.php\/wp-json\/wp\/v2\/posts\/1190\/revisions"}],"predecessor-version":[{"id":1192,"href":"https:\/\/periodicolarepublica.com\/index.php\/wp-json\/wp\/v2\/posts\/1190\/revisions\/1192"}],"wp:featuredmedia":[{"embeddable":true,"href":"https:\/\/periodicolarepublica.com\/index.php\/wp-json\/wp\/v2\/media\/1191"}],"wp:attachment":[{"href":"https:\/\/periodicolarepublica.com\/index.php\/wp-json\/wp\/v2\/media?parent=1190"}],"wp:term":[{"taxonomy":"category","embeddable":true,"href":"https:\/\/periodicolarepublica.com\/index.php\/wp-json\/wp\/v2\/categories?post=1190"},{"taxonomy":"post_tag","embeddable":true,"href":"https:\/\/periodicolarepublica.com\/index.php\/wp-json\/wp\/v2\/tags?post=1190"}],"curies":[{"name":"wp","href":"https:\/\/api.w.org\/{rel}","templated":true}]}}