{"id":1198,"date":"2024-07-10T17:15:44","date_gmt":"2024-07-10T15:15:44","guid":{"rendered":"https:\/\/periodicolarepublica.com\/?p=1198"},"modified":"2024-07-10T17:21:56","modified_gmt":"2024-07-10T15:21:56","slug":"johannes-kelner-resalta-participacion-delegacion-dominicana-en-semicon-west","status":"publish","type":"post","link":"https:\/\/periodicolarepublica.com\/index.php\/2024\/07\/10\/johannes-kelner-resalta-participacion-delegacion-dominicana-en-semicon-west\/","title":{"rendered":"Johannes Kelner resalta participaci\u00f3n Delegaci\u00f3n Dominicana en Semicon West"},"content":{"rendered":"<p style=\"text-align: left;\">Una delegaci\u00f3n de Rep\u00fablica Dominicana dice presente en \u201cSemicon West 2024\u201d, la cual busca promover al pais como un destino atractivo para la inversi\u00f3n en la industria de semiconductores, destacando las ventajas competitivas que ofrece el pa\u00eds, como su ubicaci\u00f3n estrat\u00e9gica, mano de obra calificada y costos competitivos.<\/p>\n<p><img loading=\"lazy\" decoding=\"async\" class=\"alignnone size-medium wp-image-1201\" src=\"https:\/\/periodicolarepublica.com\/wp-content\/uploads\/2024\/07\/Picsart_24-07-10_08-20-15-846-300x219.jpg\" alt=\"\" width=\"300\" height=\"219\" srcset=\"https:\/\/periodicolarepublica.com\/wp-content\/uploads\/2024\/07\/Picsart_24-07-10_08-20-15-846-300x219.jpg?v=1720624904 300w, https:\/\/periodicolarepublica.com\/wp-content\/uploads\/2024\/07\/Picsart_24-07-10_08-20-15-846-1024x749.jpg?v=1720624904 1024w, https:\/\/periodicolarepublica.com\/wp-content\/uploads\/2024\/07\/Picsart_24-07-10_08-20-15-846-768x562.jpg?v=1720624904 768w, https:\/\/periodicolarepublica.com\/wp-content\/uploads\/2024\/07\/Picsart_24-07-10_08-20-15-846-1536x1124.jpg?v=1720624904 1536w, https:\/\/periodicolarepublica.com\/wp-content\/uploads\/2024\/07\/Picsart_24-07-10_08-20-15-846-2048x1498.jpg?v=1720624904 2048w, https:\/\/periodicolarepublica.com\/wp-content\/uploads\/2024\/07\/Picsart_24-07-10_08-20-15-846-150x110.jpg?v=1720624904 150w, https:\/\/periodicolarepublica.com\/wp-content\/uploads\/2024\/07\/Picsart_24-07-10_08-20-15-846-600x439.jpg?v=1720624904 600w, https:\/\/periodicolarepublica.com\/wp-content\/uploads\/2024\/07\/Picsart_24-07-10_08-20-15-846-696x509.jpg?v=1720624904 696w, https:\/\/periodicolarepublica.com\/wp-content\/uploads\/2024\/07\/Picsart_24-07-10_08-20-15-846-1392x1018.jpg?v=1720624904 1392w, https:\/\/periodicolarepublica.com\/wp-content\/uploads\/2024\/07\/Picsart_24-07-10_08-20-15-846-1068x781.jpg?v=1720624904 1068w, https:\/\/periodicolarepublica.com\/wp-content\/uploads\/2024\/07\/Picsart_24-07-10_08-20-15-846-1920x1405.jpg?v=1720624904 1920w, https:\/\/periodicolarepublica.com\/wp-content\/uploads\/2024\/07\/Picsart_24-07-10_08-20-15-846-324x235.jpg?v=1720624904 324w, https:\/\/periodicolarepublica.com\/wp-content\/uploads\/2024\/07\/Picsart_24-07-10_08-20-15-846-648x470.jpg?v=1720624904 648w\" sizes=\"auto, (max-width: 300px) 100vw, 300px\" \/><\/p>\n<p>&nbsp;<\/p>\n<p>El viceministro Johannes Kelner del Ministerio de Industria y Comercio MiPymes (MICM), resalt\u00f3 la importancia de participar en esta feria, que re\u00fane a los principales actores de la industria de semiconductores a nivel mundial, para dar a conocer el potencial del pa\u00eds como destino para la inversi\u00f3n en este sector. Kelner se\u00f1al\u00f3 que Rep\u00fablica Dominicana cuenta con una serie de incentivos y facilidades para atraer empresas del sector de semiconductores, y destac\u00f3 el compromiso del gobierno dominicano en apoyar al sector tecnol\u00f3gico.<\/p>\n<p>La participaci\u00f3n de Rep\u00fablica Dominicana en \u201cSemicon West 2024\u201d es un paso significativo en la estrategia de promoci\u00f3n de la industria de semiconductores en el pa\u00eds, con el objetivo de atraer nuevas inversiones y generar empleos de calidad en un sector de alto valor agregado. Con esta presencia en la feria m\u00e1s importante de semiconductores, Rep\u00fablica Dominicana pone de manifiesto su compromiso con la innovaci\u00f3n y el desarrollo tecnol\u00f3gico, consolid\u00e1ndose como un destino atractivo para la inversi\u00f3n en este sector clave para la econom\u00eda global.<\/p>\n<p>El grupo de medios La Rep\u00fablica, realiza cobertura especial desde San Francisco, California con su director M\u00e1ximo Mi\u00f1oso, llevando todas las incidencias de la importante actividad.<\/p>\n","protected":false},"excerpt":{"rendered":"<p>Una delegaci\u00f3n de Rep\u00fablica Dominicana dice presente en \u201cSemicon West 2024\u201d, la cual busca promover al pais como un destino atractivo para la inversi\u00f3n en la industria de semiconductores, destacando las ventajas competitivas que ofrece el pa\u00eds, como su ubicaci\u00f3n estrat\u00e9gica, mano de obra calificada y costos competitivos. &nbsp; El viceministro Johannes Kelner del Ministerio [&hellip;]<\/p>\n","protected":false},"author":1,"featured_media":1199,"comment_status":"open","ping_status":"open","sticky":false,"template":"","format":"standard","meta":{"om_disable_all_campaigns":false,"_monsterinsights_skip_tracking":false,"_monsterinsights_sitenote_active":false,"_monsterinsights_sitenote_note":"","_monsterinsights_sitenote_category":0,"footnotes":""},"categories":[1],"tags":[270,271],"class_list":{"0":"post-1198","1":"post","2":"type-post","3":"status-publish","4":"format-standard","5":"has-post-thumbnail","7":"category-nacionales","8":"tag-johannes-kelner","9":"tag-semicon-west"},"aioseo_notices":[],"_links":{"self":[{"href":"https:\/\/periodicolarepublica.com\/index.php\/wp-json\/wp\/v2\/posts\/1198","targetHints":{"allow":["GET"]}}],"collection":[{"href":"https:\/\/periodicolarepublica.com\/index.php\/wp-json\/wp\/v2\/posts"}],"about":[{"href":"https:\/\/periodicolarepublica.com\/index.php\/wp-json\/wp\/v2\/types\/post"}],"author":[{"embeddable":true,"href":"https:\/\/periodicolarepublica.com\/index.php\/wp-json\/wp\/v2\/users\/1"}],"replies":[{"embeddable":true,"href":"https:\/\/periodicolarepublica.com\/index.php\/wp-json\/wp\/v2\/comments?post=1198"}],"version-history":[{"count":3,"href":"https:\/\/periodicolarepublica.com\/index.php\/wp-json\/wp\/v2\/posts\/1198\/revisions"}],"predecessor-version":[{"id":1203,"href":"https:\/\/periodicolarepublica.com\/index.php\/wp-json\/wp\/v2\/posts\/1198\/revisions\/1203"}],"wp:featuredmedia":[{"embeddable":true,"href":"https:\/\/periodicolarepublica.com\/index.php\/wp-json\/wp\/v2\/media\/1199"}],"wp:attachment":[{"href":"https:\/\/periodicolarepublica.com\/index.php\/wp-json\/wp\/v2\/media?parent=1198"}],"wp:term":[{"taxonomy":"category","embeddable":true,"href":"https:\/\/periodicolarepublica.com\/index.php\/wp-json\/wp\/v2\/categories?post=1198"},{"taxonomy":"post_tag","embeddable":true,"href":"https:\/\/periodicolarepublica.com\/index.php\/wp-json\/wp\/v2\/tags?post=1198"}],"curies":[{"name":"wp","href":"https:\/\/api.w.org\/{rel}","templated":true}]}}