{"id":1205,"date":"2024-07-12T15:21:36","date_gmt":"2024-07-12T13:21:36","guid":{"rendered":"https:\/\/periodicolarepublica.com\/?p=1205"},"modified":"2024-07-12T15:21:36","modified_gmt":"2024-07-12T13:21:36","slug":"ministerio-de-salud-entrega-al-sns-cunas-e-incubadoras-para-fortalecer-la-atencion-neonatal-en-los-hospitales","status":"publish","type":"post","link":"https:\/\/periodicolarepublica.com\/index.php\/2024\/07\/12\/ministerio-de-salud-entrega-al-sns-cunas-e-incubadoras-para-fortalecer-la-atencion-neonatal-en-los-hospitales\/","title":{"rendered":"Ministerio de Salud entrega al SNS cunas e incubadoras para fortalecer la atenci\u00f3n neonatal en los hospitales*"},"content":{"rendered":"\r\n<p><img loading=\"lazy\" decoding=\"async\" class=\"size-medium wp-image-1213 alignright\" src=\"https:\/\/periodicolarepublica.com\/wp-content\/uploads\/2024\/07\/IMG-20240712-WA0026-300x200.jpg\" alt=\"\" width=\"300\" height=\"200\" srcset=\"https:\/\/periodicolarepublica.com\/wp-content\/uploads\/2024\/07\/IMG-20240712-WA0026-300x200.jpg?v=1720790462 300w, https:\/\/periodicolarepublica.com\/wp-content\/uploads\/2024\/07\/IMG-20240712-WA0026-1024x682.jpg?v=1720790462 1024w, https:\/\/periodicolarepublica.com\/wp-content\/uploads\/2024\/07\/IMG-20240712-WA0026-768x512.jpg?v=1720790462 768w, https:\/\/periodicolarepublica.com\/wp-content\/uploads\/2024\/07\/IMG-20240712-WA0026-1536x1023.jpg?v=1720790462 1536w, https:\/\/periodicolarepublica.com\/wp-content\/uploads\/2024\/07\/IMG-20240712-WA0026-150x100.jpg?v=1720790462 150w, https:\/\/periodicolarepublica.com\/wp-content\/uploads\/2024\/07\/IMG-20240712-WA0026-600x400.jpg?v=1720790462 600w, https:\/\/periodicolarepublica.com\/wp-content\/uploads\/2024\/07\/IMG-20240712-WA0026-696x464.jpg?v=1720790462 696w, https:\/\/periodicolarepublica.com\/wp-content\/uploads\/2024\/07\/IMG-20240712-WA0026-1392x927.jpg?v=1720790462 1392w, https:\/\/periodicolarepublica.com\/wp-content\/uploads\/2024\/07\/IMG-20240712-WA0026-1068x712.jpg?v=1720790462 1068w, https:\/\/periodicolarepublica.com\/wp-content\/uploads\/2024\/07\/IMG-20240712-WA0026.jpg?v=1720790462 1600w\" sizes=\"auto, (max-width: 300px) 100vw, 300px\" \/>Los equipos, donados por la Iglesia de Jesucristo de los Santos de los \u00daltimos D\u00edas, servir\u00e1n para beneficiar a reci\u00e9n nacidos y reducir la mortalidad neonatal<br \/><br \/>Santo Domingo D.N-. El Ministerio de Salud P\u00fablica y Asistencia Social (MISPAS) entreg\u00f3 al Servicio Nacional de Salud (SNS) 100 incubadoras y 80 cunas para neonatos, que ser\u00e1n utilizadas en diferentes centros maternos del pa\u00eds, con el objetivo de beneficiar a los reci\u00e9n nacidos y contribuir a fortalecer las estrategias para reducir la mortalidad neonatal.<br \/><br \/>La entrega, realizada en el sal\u00f3n Deydamia Mini\u00f1o por el ministro de Salud, V\u00edctor Atallah, a Mario Lama, director del SNS, forma parte de una segunda fase que inici\u00f3 en el a\u00f1o 2022. <br \/>Las cunas e incubadoras ser\u00e1n distribuidas, a trav\u00e9s del MISPAS, en colaboraci\u00f3n con el SNS, a los distintos centros hospitalarios dedicados a la atenci\u00f3n materno-infantil del pa\u00eds.<br \/><br \/>La donaci\u00f3n de estos equipos la hizo recientemente la Iglesia de Jesucristo de los Santos de los \u00daltimos D\u00edas al MISPAS, con el objetivo de colaborar a reducir la mortalidad neonatal en Rep\u00fablica Dominicana<br \/><br \/>Atallah destac\u00f3 la importancia de la entrega de los equipos, que ser\u00e1n utilizadas para aumentar la calidad de atenci\u00f3n a los neonatos, asegurando que aquellos que nacen prematuros o con complicaciones m\u00e9dicas tengan las mejores etenciones. <br \/><br \/>\u201cJuntos estamos construyendo un futuro m\u00e1s promisorio y saludable para nuestros ni\u00f1os. Nuestro m\u00e1s sincero agradecimiento a todos los que han hecho posible poder realizar esta importante donaci\u00f3n. Su compromiso con el bienestar de nuestros m\u00e1s peque\u00f1os es un testimonio de la compasi\u00f3n y el altruismo que todos debemos aspirar a emular\u201d, indic\u00f3.<br \/><br \/>El titular de Salud expres\u00f3 que, con la entrega de los equipos a los centros y hospitales, se busca ayudar a mejorar la atenci\u00f3n y cuidado de los reci\u00e9n nacidos en el pa\u00eds, el cual tiene un impacto positivo en la vida de los ni\u00f1os.<br \/><br \/>De su lado, Mario Lama agradeci\u00f3 a todos los donantes y al ministerio de salud por la entrega tan importante, de incubadoras y cunas, con las cuales se pueden salvar vidas en los hospitales. <br \/><br \/>\u201cHemos tenido significativos avances en toda la Red P\u00fablica, tenemos un Gobierno, encabezado por el presidente Luis Abinader, que ha priorizado la salud, ha caminado y recorrido el pa\u00eds sembrando intervenciones positivas y apoyo de equipamiento, lo que ha redundado en mejores servicios y en restablecer la confianza en nuestro sistema hospitalario.\u201d<br \/><br \/>Manifest\u00f3 que la distribuci\u00f3n de las cunas y las incubadoras se har\u00e1 equitativamente de acuerdo con las prioridades y necesidades en los hospitales maternos que ameriten ser fortalecidos.<br \/><br \/>Al acto de entrega asistieron, adem\u00e1s, funcionarios del MISPAS y del SNS, as\u00ed como directores de hospitales.<br \/><br \/>Pie de Foto No. 1<br \/><br \/>En la foto figuran de izquierda a derecha el director de Gabinete del MISPAS, Lic. Misael D\u00edaz, Dr. Jos\u00e9 Joaqu\u00edn Puello, director de la Ciudad Sanitaria Dr. Lu\u00eds Eduardo Aybar; Dr. Edison Feliz, director del Servicio Regional Metropolitano; Dr. Mario Lama director del SNS; al centro Dr. Victor Atallah, ministro de Salud P\u00fabica; Lic. Raisa Bello viceministra de Asistencia Social; Dr. Eladio P\u00e9rez, viceministro de Salud Colectiva; Dr. Mart\u00edn Ort\u00edz, director de Materno Infantil y Adolescentes y el Dr. Tamy Santana, director del departamento Materno Infantil del MISPAS.<\/p>\r\n","protected":false},"excerpt":{"rendered":"<p>Los equipos, donados por la Iglesia de Jesucristo de los Santos de los \u00daltimos D\u00edas, servir\u00e1n para beneficiar a reci\u00e9n nacidos y reducir la mortalidad neonatal Santo Domingo D.N-. El Ministerio de Salud P\u00fablica y Asistencia Social (MISPAS) entreg\u00f3 al Servicio Nacional de Salud (SNS) 100 incubadoras y 80 cunas para neonatos, que ser\u00e1n utilizadas [&hellip;]<\/p>\n","protected":false},"author":6,"featured_media":1213,"comment_status":"open","ping_status":"open","sticky":false,"template":"","format":"standard","meta":{"om_disable_all_campaigns":false,"_monsterinsights_skip_tracking":false,"_monsterinsights_sitenote_active":false,"_monsterinsights_sitenote_note":"","_monsterinsights_sitenote_category":0,"footnotes":""},"categories":[1],"tags":[272,159],"class_list":{"0":"post-1205","1":"post","2":"type-post","3":"status-publish","4":"format-standard","5":"has-post-thumbnail","7":"category-nacionales","8":"tag-dr-mario-lama","9":"tag-ministro-de-salud-publica-victor-atallah"},"aioseo_notices":[],"_links":{"self":[{"href":"https:\/\/periodicolarepublica.com\/index.php\/wp-json\/wp\/v2\/posts\/1205","targetHints":{"allow":["GET"]}}],"collection":[{"href":"https:\/\/periodicolarepublica.com\/index.php\/wp-json\/wp\/v2\/posts"}],"about":[{"href":"https:\/\/periodicolarepublica.com\/index.php\/wp-json\/wp\/v2\/types\/post"}],"author":[{"embeddable":true,"href":"https:\/\/periodicolarepublica.com\/index.php\/wp-json\/wp\/v2\/users\/6"}],"replies":[{"embeddable":true,"href":"https:\/\/periodicolarepublica.com\/index.php\/wp-json\/wp\/v2\/comments?post=1205"}],"version-history":[{"count":2,"href":"https:\/\/periodicolarepublica.com\/index.php\/wp-json\/wp\/v2\/posts\/1205\/revisions"}],"predecessor-version":[{"id":1214,"href":"https:\/\/periodicolarepublica.com\/index.php\/wp-json\/wp\/v2\/posts\/1205\/revisions\/1214"}],"wp:featuredmedia":[{"embeddable":true,"href":"https:\/\/periodicolarepublica.com\/index.php\/wp-json\/wp\/v2\/media\/1213"}],"wp:attachment":[{"href":"https:\/\/periodicolarepublica.com\/index.php\/wp-json\/wp\/v2\/media?parent=1205"}],"wp:term":[{"taxonomy":"category","embeddable":true,"href":"https:\/\/periodicolarepublica.com\/index.php\/wp-json\/wp\/v2\/categories?post=1205"},{"taxonomy":"post_tag","embeddable":true,"href":"https:\/\/periodicolarepublica.com\/index.php\/wp-json\/wp\/v2\/tags?post=1205"}],"curies":[{"name":"wp","href":"https:\/\/api.w.org\/{rel}","templated":true}]}}