{"id":1216,"date":"2024-07-14T19:30:23","date_gmt":"2024-07-14T17:30:23","guid":{"rendered":"https:\/\/periodicolarepublica.com\/?p=1216"},"modified":"2024-07-14T19:30:23","modified_gmt":"2024-07-14T17:30:23","slug":"vicepresidenta-raquel-pena-inaugura-destacamento-en-sabana-perdida","status":"publish","type":"post","link":"https:\/\/periodicolarepublica.com\/index.php\/2024\/07\/14\/vicepresidenta-raquel-pena-inaugura-destacamento-en-sabana-perdida\/","title":{"rendered":"Vicepresidenta Raquel Pe\u00f1a inaugura destacamento en Sabana Perdida"},"content":{"rendered":"<p>La vicepresidenta de la Rep\u00fablica Dominicana, Raquel Pe\u00f1a, encabez\u00f3 est\u00e9 domingo los actos de entrega de un nuevo destacamento en Sabana Perdida y di\u00f3 el primer Picazo para el centro policial regional en el Distrito Nacional, con el objetivo de seguir mejorando las condiciones de trabajo de los uniformados de la Polic\u00eda Nacional y continuar fortaleciendo la seguridad ciudadana.<\/p>\n<p><img loading=\"lazy\" decoding=\"async\" class=\"alignnone size-medium wp-image-1217\" src=\"https:\/\/periodicolarepublica.com\/wp-content\/uploads\/2024\/07\/IMG-20240714-WA0007-300x200.jpg\" alt=\"\" width=\"300\" height=\"200\" srcset=\"https:\/\/periodicolarepublica.com\/wp-content\/uploads\/2024\/07\/IMG-20240714-WA0007-300x200.jpg?v=1720978168 300w, https:\/\/periodicolarepublica.com\/wp-content\/uploads\/2024\/07\/IMG-20240714-WA0007-1024x683.jpg?v=1720978168 1024w, https:\/\/periodicolarepublica.com\/wp-content\/uploads\/2024\/07\/IMG-20240714-WA0007-768x512.jpg?v=1720978168 768w, https:\/\/periodicolarepublica.com\/wp-content\/uploads\/2024\/07\/IMG-20240714-WA0007-1536x1024.jpg?v=1720978168 1536w, https:\/\/periodicolarepublica.com\/wp-content\/uploads\/2024\/07\/IMG-20240714-WA0007-150x100.jpg?v=1720978168 150w, https:\/\/periodicolarepublica.com\/wp-content\/uploads\/2024\/07\/IMG-20240714-WA0007-600x400.jpg?v=1720978168 600w, https:\/\/periodicolarepublica.com\/wp-content\/uploads\/2024\/07\/IMG-20240714-WA0007-696x464.jpg?v=1720978168 696w, https:\/\/periodicolarepublica.com\/wp-content\/uploads\/2024\/07\/IMG-20240714-WA0007-1392x928.jpg?v=1720978168 1392w, https:\/\/periodicolarepublica.com\/wp-content\/uploads\/2024\/07\/IMG-20240714-WA0007-1068x712.jpg?v=1720978168 1068w, https:\/\/periodicolarepublica.com\/wp-content\/uploads\/2024\/07\/IMG-20240714-WA0007.jpg?v=1720978168 1599w\" sizes=\"auto, (max-width: 300px) 100vw, 300px\" \/><\/p>\n<p>Durante los actos, la vicemandataria asever\u00f3 el compromiso del Gobierno, que encabeza el presidente Luis Abinader, con la seguridad, la justicia y el bienestar de cada comunidad.<\/p>\n<p>\u00abSon proyectos que simbolizan nuestro avance y dedicaci\u00f3n en la transformaci\u00f3n de nuestra fuerza policial\u00bb, manifest\u00f3 Pe\u00f1a, al tiempo que enfatiz\u00f3 que ese cambio en la Polic\u00eda Nacional es una prioridad que el presidente Abinader ha asumido con determinaci\u00f3n.<\/p>\n<p>De igual modo, la vicepresidenta destac\u00f3 la apuesta gubernamental por la educaci\u00f3n y formaci\u00f3n de los miembros de las fuerzas policiales para construir una polic\u00eda m\u00e1s profesional, m\u00e1s capacitada y cercana a la ciudadan\u00eda. \u00abQueremos una polic\u00eda que siga inspirando respeto, que sea eficiente en su labor y cuente con todas las herramientas necesarias para seguir cumpliendo su compromiso con la seguridad y el bienestar de todos los dominicanos\u00bb, a\u00f1adi\u00f3.<\/p>\n<p>\u00c1ngel De la Cruz, presidente de la Comisi\u00f3n Presidencial de Apoyo al Desarrollo Provincia, puntualiz\u00f3 que la dupla Luis Abinader y Raquel Pe\u00f1a \u00abnunca han perdido de vista este tipo de obras que consolidan a los territorios\u00bb.<\/p>\n<p>El ministro de Interior y Polic\u00eda, Jes\u00fas \u201cChu\u201d V\u00e1squez, aprovech\u00f3 el espacio para enumerar algunos de los avances en la dignificaci\u00f3n de los miembros de la Polic\u00eda Nacional como un seguro de salud especial, aumento de los salarios m\u00ednimos, capacitaci\u00f3n, facilidades para adquirir viviendas y otras iniciativas.<\/p>\n<p>De su lado, el mayor general Ram\u00f3n Antonio Guzm\u00e1n Peralta, director general de la Polic\u00eda Nacional; precis\u00f3 que con estos actos se contin\u00faan sembrando los cimientos para que la reforma policial perdure.<\/p>\n<p>Respecto a la construcci\u00f3n del destacamento regional de la Polic\u00eda Nacional en Los Jardines, las autoridades detallaron que tendr\u00e1 un \u00e1rea de intervenci\u00f3n de 485.20 m2, con una inversi\u00f3n de RD$ 22,907,616.52.<\/p>\n<p>La infraestructura, ser\u00e1 dotado de c\u00e1rceles de hombres y mujeres, ba\u00f1os, dep\u00f3sito de pertrechos, oficina especializada de familia, Dpto. subcomandante, informaci\u00f3n, recepci\u00f3n, investigaciones criminales, dormitorios, recepci\u00f3n de denuncia, cocina, comedor, sala de juntas, entre otros espacios.<\/p>\n<p>En tanto, infraestructura en Sabana Perdida fue realizada por un monto de RD$RD17,454,698.59 e incluye dos niveles dotados en el primer nivel de c\u00e1rcel de hombre, c\u00e1rcel de mujeres, cocina-comedor, dep\u00f3sito pertrechos, dormitorio de mujeres, departamento de investigaciones criminales, ba\u00f1os generales, ba\u00f1os de visitas, dep\u00f3sito, recepci\u00f3n, sala de espera, oficina de recepci\u00f3n de denuncias.<\/p>\n<p>En el segundo nivel se encuentran: ba\u00f1os, dormitorios de hombres, departamento de subcomandante, ayudant\u00eda, sala de reuniones, oficina de comandante y dormitorio de comandante.<\/p>\n<p>Ambos centros policiales beneficiar\u00e1n a cerca de 4,500 habitantes del sector Barrio Nuevo, en Sabana perdida, y m\u00e1s de 2,300 en Los Jardines.<\/p>\n<p>Durante los eventos, la vicemandataria se hizo acompa\u00f1ar de Antonio Taveras, senador por la provincia de Santo Domingo; las alcaldesas Carolina Mej\u00eda, del Distrito Nacional, y Betty Ger\u00f3nimo, de Santo Domingo Norte, as\u00ed como otras autoridades municipales.<\/p>\n","protected":false},"excerpt":{"rendered":"<p>La vicepresidenta de la Rep\u00fablica Dominicana, Raquel Pe\u00f1a, encabez\u00f3 est\u00e9 domingo los actos de entrega de un nuevo destacamento en Sabana Perdida y di\u00f3 el primer Picazo para el centro policial regional en el Distrito Nacional, con el objetivo de seguir mejorando las condiciones de trabajo de los uniformados de la Polic\u00eda Nacional y continuar [&hellip;]<\/p>\n","protected":false},"author":6,"featured_media":1217,"comment_status":"open","ping_status":"open","sticky":false,"template":"","format":"standard","meta":{"om_disable_all_campaigns":false,"_monsterinsights_skip_tracking":false,"_monsterinsights_sitenote_active":false,"_monsterinsights_sitenote_note":"","_monsterinsights_sitenote_category":0,"footnotes":""},"categories":[1],"tags":[173,144,174],"class_list":{"0":"post-1216","1":"post","2":"type-post","3":"status-publish","4":"format-standard","5":"has-post-thumbnail","7":"category-nacionales","8":"tag-betty-geronimo","9":"tag-raquel-pena","10":"tag-villa-mella"},"aioseo_notices":[],"_links":{"self":[{"href":"https:\/\/periodicolarepublica.com\/index.php\/wp-json\/wp\/v2\/posts\/1216","targetHints":{"allow":["GET"]}}],"collection":[{"href":"https:\/\/periodicolarepublica.com\/index.php\/wp-json\/wp\/v2\/posts"}],"about":[{"href":"https:\/\/periodicolarepublica.com\/index.php\/wp-json\/wp\/v2\/types\/post"}],"author":[{"embeddable":true,"href":"https:\/\/periodicolarepublica.com\/index.php\/wp-json\/wp\/v2\/users\/6"}],"replies":[{"embeddable":true,"href":"https:\/\/periodicolarepublica.com\/index.php\/wp-json\/wp\/v2\/comments?post=1216"}],"version-history":[{"count":1,"href":"https:\/\/periodicolarepublica.com\/index.php\/wp-json\/wp\/v2\/posts\/1216\/revisions"}],"predecessor-version":[{"id":1218,"href":"https:\/\/periodicolarepublica.com\/index.php\/wp-json\/wp\/v2\/posts\/1216\/revisions\/1218"}],"wp:featuredmedia":[{"embeddable":true,"href":"https:\/\/periodicolarepublica.com\/index.php\/wp-json\/wp\/v2\/media\/1217"}],"wp:attachment":[{"href":"https:\/\/periodicolarepublica.com\/index.php\/wp-json\/wp\/v2\/media?parent=1216"}],"wp:term":[{"taxonomy":"category","embeddable":true,"href":"https:\/\/periodicolarepublica.com\/index.php\/wp-json\/wp\/v2\/categories?post=1216"},{"taxonomy":"post_tag","embeddable":true,"href":"https:\/\/periodicolarepublica.com\/index.php\/wp-json\/wp\/v2\/tags?post=1216"}],"curies":[{"name":"wp","href":"https:\/\/api.w.org\/{rel}","templated":true}]}}