{"id":1219,"date":"2024-07-15T19:10:30","date_gmt":"2024-07-15T17:10:30","guid":{"rendered":"https:\/\/periodicolarepublica.com\/?p=1219"},"modified":"2024-07-15T19:13:04","modified_gmt":"2024-07-15T17:13:04","slug":"1219","status":"publish","type":"post","link":"https:\/\/periodicolarepublica.com\/index.php\/2024\/07\/15\/1219\/","title":{"rendered":"UNICARIBE logra acuerdo con Keysight Technology para desarrollo en Semiconductores"},"content":{"rendered":"<p>La Universidad del Caribe (\u00danicaribe) ha dado un paso importante en su compromiso de impulsar la educaci\u00f3n y capacitaci\u00f3n en el campo de los semiconductores en Rep\u00fablica Dominicana. Recientemente, la instituci\u00f3n firm\u00f3 un importante acuerdo con la empresa Keysight Technology, l\u00edder en tecnolog\u00eda de medici\u00f3n y pruebas electr\u00f3nicas, para colaborar en el desarrollo de estudios y programas de capacitaci\u00f3n en este \u00e1mbito.<\/p>\n<p><img loading=\"lazy\" decoding=\"async\" class=\"alignnone size-medium wp-image-1220\" src=\"https:\/\/periodicolarepublica.com\/wp-content\/uploads\/2024\/07\/Picsart_24-07-15_13-07-02-630-300x227.jpg\" alt=\"\" width=\"300\" height=\"227\" srcset=\"https:\/\/periodicolarepublica.com\/wp-content\/uploads\/2024\/07\/Picsart_24-07-15_13-07-02-630-300x227.jpg?v=1721063388 300w, https:\/\/periodicolarepublica.com\/wp-content\/uploads\/2024\/07\/Picsart_24-07-15_13-07-02-630-1024x775.jpg?v=1721063388 1024w, https:\/\/periodicolarepublica.com\/wp-content\/uploads\/2024\/07\/Picsart_24-07-15_13-07-02-630-768x581.jpg?v=1721063388 768w, https:\/\/periodicolarepublica.com\/wp-content\/uploads\/2024\/07\/Picsart_24-07-15_13-07-02-630-1536x1162.jpg?v=1721063388 1536w, https:\/\/periodicolarepublica.com\/wp-content\/uploads\/2024\/07\/Picsart_24-07-15_13-07-02-630-2048x1550.jpg?v=1721063388 2048w, https:\/\/periodicolarepublica.com\/wp-content\/uploads\/2024\/07\/Picsart_24-07-15_13-07-02-630-150x113.jpg?v=1721063388 150w, https:\/\/periodicolarepublica.com\/wp-content\/uploads\/2024\/07\/Picsart_24-07-15_13-07-02-630-600x454.jpg?v=1721063388 600w, https:\/\/periodicolarepublica.com\/wp-content\/uploads\/2024\/07\/Picsart_24-07-15_13-07-02-630-696x527.jpg?v=1721063388 696w, https:\/\/periodicolarepublica.com\/wp-content\/uploads\/2024\/07\/Picsart_24-07-15_13-07-02-630-1392x1053.jpg?v=1721063388 1392w, https:\/\/periodicolarepublica.com\/wp-content\/uploads\/2024\/07\/Picsart_24-07-15_13-07-02-630-1068x808.jpg?v=1721063388 1068w, https:\/\/periodicolarepublica.com\/wp-content\/uploads\/2024\/07\/Picsart_24-07-15_13-07-02-630-1920x1453.jpg?v=1721063388 1920w\" sizes=\"auto, (max-width: 300px) 100vw, 300px\" \/><\/p>\n<p>El convenio fue firmado por el canciller de la Universidad del Caribe, Jos\u00e9 Alejandro Aybar, y representa un hito en la apuesta de la instituci\u00f3n por promover la investigaci\u00f3n y la formaci\u00f3n en \u00e1reas estrat\u00e9gicas para el desarrollo tecnol\u00f3gico del pa\u00eds.<\/p>\n<p>Gracias a esta alianza, la Universidad del Caribe tendr\u00e1 acceso a los recursos y la experiencia de Keysight Technology para fortalecer su oferta acad\u00e9mica en el campo de los semiconductores. Esto permitir\u00e1 a los estudiantes de la instituci\u00f3n adquirir conocimientos y habilidades de vanguardia que les abrir\u00e1n nuevas oportunidades laborales en el sector tecnol\u00f3gico.<\/p>\n<p>Adem\u00e1s, la colaboraci\u00f3n con Keysight Technology tambi\u00e9n implicar\u00e1 la puesta en marcha de programas de formaci\u00f3n continua y certificaci\u00f3n para profesionales del sector, con el objetivo de incrementar la capacitaci\u00f3n y la especializaci\u00f3n en esta \u00e1rea tan demandada por la industria.<\/p>\n<p>Este acuerdo refleja el compromiso de la Universidad del Caribe por brindar una educaci\u00f3n de calidad y alineada con las necesidades del mercado laboral actual. La instituci\u00f3n se consolida as\u00ed como un referente en la formaci\u00f3n en tecnolog\u00edas de vanguardia, contribuyendo al impulso de la innovaci\u00f3n y el desarrollo tecnol\u00f3gico en el pa\u00eds.<\/p>\n<p>Con iniciativas como esta, la Universidad del Caribe reafirma su compromiso con la excelencia acad\u00e9mica y el progreso de Rep\u00fablica Dominicana, demostrando que la educaci\u00f3n es un pilar fundamental para el crecimiento y la competitividad en la era digital.<\/p>\n","protected":false},"excerpt":{"rendered":"<p>La Universidad del Caribe (\u00danicaribe) ha dado un paso importante en su compromiso de impulsar la educaci\u00f3n y capacitaci\u00f3n en el campo de los semiconductores en Rep\u00fablica Dominicana. Recientemente, la instituci\u00f3n firm\u00f3 un importante acuerdo con la empresa Keysight Technology, l\u00edder en tecnolog\u00eda de medici\u00f3n y pruebas electr\u00f3nicas, para colaborar en el desarrollo de estudios [&hellip;]<\/p>\n","protected":false},"author":1,"featured_media":1220,"comment_status":"open","ping_status":"open","sticky":false,"template":"","format":"standard","meta":{"om_disable_all_campaigns":false,"_monsterinsights_skip_tracking":false,"_monsterinsights_sitenote_active":false,"_monsterinsights_sitenote_note":"","_monsterinsights_sitenote_category":0,"footnotes":""},"categories":[1],"tags":[274,275,273],"class_list":{"0":"post-1219","1":"post","2":"type-post","3":"status-publish","4":"format-standard","5":"has-post-thumbnail","7":"category-nacionales","8":"tag-jose-alejandro-aybar","9":"tag-semiconductores","10":"tag-unicaribe"},"aioseo_notices":[],"_links":{"self":[{"href":"https:\/\/periodicolarepublica.com\/index.php\/wp-json\/wp\/v2\/posts\/1219","targetHints":{"allow":["GET"]}}],"collection":[{"href":"https:\/\/periodicolarepublica.com\/index.php\/wp-json\/wp\/v2\/posts"}],"about":[{"href":"https:\/\/periodicolarepublica.com\/index.php\/wp-json\/wp\/v2\/types\/post"}],"author":[{"embeddable":true,"href":"https:\/\/periodicolarepublica.com\/index.php\/wp-json\/wp\/v2\/users\/1"}],"replies":[{"embeddable":true,"href":"https:\/\/periodicolarepublica.com\/index.php\/wp-json\/wp\/v2\/comments?post=1219"}],"version-history":[{"count":3,"href":"https:\/\/periodicolarepublica.com\/index.php\/wp-json\/wp\/v2\/posts\/1219\/revisions"}],"predecessor-version":[{"id":1223,"href":"https:\/\/periodicolarepublica.com\/index.php\/wp-json\/wp\/v2\/posts\/1219\/revisions\/1223"}],"wp:featuredmedia":[{"embeddable":true,"href":"https:\/\/periodicolarepublica.com\/index.php\/wp-json\/wp\/v2\/media\/1220"}],"wp:attachment":[{"href":"https:\/\/periodicolarepublica.com\/index.php\/wp-json\/wp\/v2\/media?parent=1219"}],"wp:term":[{"taxonomy":"category","embeddable":true,"href":"https:\/\/periodicolarepublica.com\/index.php\/wp-json\/wp\/v2\/categories?post=1219"},{"taxonomy":"post_tag","embeddable":true,"href":"https:\/\/periodicolarepublica.com\/index.php\/wp-json\/wp\/v2\/tags?post=1219"}],"curies":[{"name":"wp","href":"https:\/\/api.w.org\/{rel}","templated":true}]}}