{"id":1225,"date":"2024-07-16T14:21:40","date_gmt":"2024-07-16T12:21:40","guid":{"rendered":"https:\/\/periodicolarepublica.com\/?p=1225"},"modified":"2024-07-16T14:21:40","modified_gmt":"2024-07-16T12:21:40","slug":"tomas-hernandez-alberto-asegura-que-las-reformas-y-la-reforma-constitucional-traeran-prosperidad-y-transformacion-al-pais","status":"publish","type":"post","link":"https:\/\/periodicolarepublica.com\/index.php\/2024\/07\/16\/tomas-hernandez-alberto-asegura-que-las-reformas-y-la-reforma-constitucional-traeran-prosperidad-y-transformacion-al-pais\/","title":{"rendered":"Tom\u00e1s Hern\u00e1ndez Alberto asegura que las reformas y la reforma constitucional traer\u00e1n prosperidad y transformaci\u00f3n al pa\u00eds"},"content":{"rendered":"\r\n<p><img loading=\"lazy\" decoding=\"async\" class=\"size-medium wp-image-1231 alignright\" src=\"https:\/\/periodicolarepublica.com\/wp-content\/uploads\/2024\/07\/IMG_20240716_081816-300x169.jpg\" alt=\"\" width=\"300\" height=\"169\" srcset=\"https:\/\/periodicolarepublica.com\/wp-content\/uploads\/2024\/07\/IMG_20240716_081816-300x169.jpg?v=1721132460 300w, https:\/\/periodicolarepublica.com\/wp-content\/uploads\/2024\/07\/IMG_20240716_081816-1024x576.jpg?v=1721132460 1024w, https:\/\/periodicolarepublica.com\/wp-content\/uploads\/2024\/07\/IMG_20240716_081816-768x432.jpg?v=1721132460 768w, https:\/\/periodicolarepublica.com\/wp-content\/uploads\/2024\/07\/IMG_20240716_081816-1536x864.jpg?v=1721132460 1536w, https:\/\/periodicolarepublica.com\/wp-content\/uploads\/2024\/07\/IMG_20240716_081816-150x84.jpg?v=1721132460 150w, https:\/\/periodicolarepublica.com\/wp-content\/uploads\/2024\/07\/IMG_20240716_081816-600x338.jpg?v=1721132460 600w, https:\/\/periodicolarepublica.com\/wp-content\/uploads\/2024\/07\/IMG_20240716_081816-696x392.jpg?v=1721132460 696w, https:\/\/periodicolarepublica.com\/wp-content\/uploads\/2024\/07\/IMG_20240716_081816-1392x783.jpg?v=1721132460 1392w, https:\/\/periodicolarepublica.com\/wp-content\/uploads\/2024\/07\/IMG_20240716_081816-1068x601.jpg?v=1721132460 1068w, https:\/\/periodicolarepublica.com\/wp-content\/uploads\/2024\/07\/IMG_20240716_081816.jpg?v=1721132460 1920w\" sizes=\"auto, (max-width: 300px) 100vw, 300px\" \/>Santo Domingo &#8211; El Ingeniero Tom\u00e1s Hern\u00e1ndez Alberto, destacada figura p\u00fablica, afirm\u00f3 hoy que las reformas y la reforma constitucional impulsadas por el gobierno del Presidente Luis Abinader traer\u00e1n una era de prosperidad y transformaci\u00f3n para la naci\u00f3n y todos sus ciudadanos. <br \/><br \/>\u00abEl Presidente Abinader tiene el coraz\u00f3n puesto en el noble pueblo dominicano. Estas reformas son el camino hacia un futuro m\u00e1s brillante y equitativo para todos\u00bb, manifest\u00f3 Hern\u00e1ndez Alberto. <br \/><br \/>Durante sus declaraciones, el Ingeniero resalt\u00f3 los amplios beneficios que estas iniciativas gubernamentales aportar\u00e1n al pa\u00eds en materia econ\u00f3mica, social y de bienestar general. \u00abEstamos ante un momento hist\u00f3rico que marcar\u00e1 el inicio de un nuevo cap\u00edtulo de progreso y desarrollo para Rep\u00fablica Dominicana\u00bb, agreg\u00f3. <br \/><br \/>La nota de prensa destaca el optimismo y la confianza del Ingeniero Hern\u00e1ndez Alberto en el liderazgo del Presidente Abinader y su compromiso con el mejoramiento de la calidad de vida de todos los dominicanos.<\/p>\r\n","protected":false},"excerpt":{"rendered":"<p>Santo Domingo &#8211; El Ingeniero Tom\u00e1s Hern\u00e1ndez Alberto, destacada figura p\u00fablica, afirm\u00f3 hoy que las reformas y la reforma constitucional impulsadas por el gobierno del Presidente Luis Abinader traer\u00e1n una era de prosperidad y transformaci\u00f3n para la naci\u00f3n y todos sus ciudadanos. \u00abEl Presidente Abinader tiene el coraz\u00f3n puesto en el noble pueblo dominicano. Estas [&hellip;]<\/p>\n","protected":false},"author":6,"featured_media":1231,"comment_status":"open","ping_status":"open","sticky":false,"template":"","format":"standard","meta":{"om_disable_all_campaigns":false,"_monsterinsights_skip_tracking":false,"_monsterinsights_sitenote_active":false,"_monsterinsights_sitenote_note":"","_monsterinsights_sitenote_category":0,"footnotes":""},"categories":[1],"tags":[163],"class_list":{"0":"post-1225","1":"post","2":"type-post","3":"status-publish","4":"format-standard","5":"has-post-thumbnail","7":"category-nacionales","8":"tag-tomas-hernandez-alberto"},"aioseo_notices":[],"_links":{"self":[{"href":"https:\/\/periodicolarepublica.com\/index.php\/wp-json\/wp\/v2\/posts\/1225","targetHints":{"allow":["GET"]}}],"collection":[{"href":"https:\/\/periodicolarepublica.com\/index.php\/wp-json\/wp\/v2\/posts"}],"about":[{"href":"https:\/\/periodicolarepublica.com\/index.php\/wp-json\/wp\/v2\/types\/post"}],"author":[{"embeddable":true,"href":"https:\/\/periodicolarepublica.com\/index.php\/wp-json\/wp\/v2\/users\/6"}],"replies":[{"embeddable":true,"href":"https:\/\/periodicolarepublica.com\/index.php\/wp-json\/wp\/v2\/comments?post=1225"}],"version-history":[{"count":2,"href":"https:\/\/periodicolarepublica.com\/index.php\/wp-json\/wp\/v2\/posts\/1225\/revisions"}],"predecessor-version":[{"id":1232,"href":"https:\/\/periodicolarepublica.com\/index.php\/wp-json\/wp\/v2\/posts\/1225\/revisions\/1232"}],"wp:featuredmedia":[{"embeddable":true,"href":"https:\/\/periodicolarepublica.com\/index.php\/wp-json\/wp\/v2\/media\/1231"}],"wp:attachment":[{"href":"https:\/\/periodicolarepublica.com\/index.php\/wp-json\/wp\/v2\/media?parent=1225"}],"wp:term":[{"taxonomy":"category","embeddable":true,"href":"https:\/\/periodicolarepublica.com\/index.php\/wp-json\/wp\/v2\/categories?post=1225"},{"taxonomy":"post_tag","embeddable":true,"href":"https:\/\/periodicolarepublica.com\/index.php\/wp-json\/wp\/v2\/tags?post=1225"}],"curies":[{"name":"wp","href":"https:\/\/api.w.org\/{rel}","templated":true}]}}