{"id":1233,"date":"2024-07-16T20:52:16","date_gmt":"2024-07-16T18:52:16","guid":{"rendered":"https:\/\/periodicolarepublica.com\/?p=1233"},"modified":"2024-07-16T20:52:16","modified_gmt":"2024-07-16T18:52:16","slug":"alcaldia-del-dn-anuncia-plasticos-por-escolares-para-el-11-de-agosto","status":"publish","type":"post","link":"https:\/\/periodicolarepublica.com\/index.php\/2024\/07\/16\/alcaldia-del-dn-anuncia-plasticos-por-escolares-para-el-11-de-agosto\/","title":{"rendered":"Alcald\u00eda del DN anuncia Pl\u00e1sticos por Escolares, para el 11 de agosto"},"content":{"rendered":"<p>Se han recolectado m\u00e1s de siete millones de botellitas en cuatro ediciones de Pl\u00e1sticos por Juguetes<\/p>\n<p><img loading=\"lazy\" decoding=\"async\" class=\"alignnone size-medium wp-image-1234\" src=\"https:\/\/periodicolarepublica.com\/wp-content\/uploads\/2024\/07\/Picsart_24-07-16_14-45-41-214-300x201.jpg\" alt=\"\" width=\"300\" height=\"201\" srcset=\"https:\/\/periodicolarepublica.com\/wp-content\/uploads\/2024\/07\/Picsart_24-07-16_14-45-41-214-300x201.jpg?v=1721155806 300w, https:\/\/periodicolarepublica.com\/wp-content\/uploads\/2024\/07\/Picsart_24-07-16_14-45-41-214-1024x685.jpg?v=1721155806 1024w, https:\/\/periodicolarepublica.com\/wp-content\/uploads\/2024\/07\/Picsart_24-07-16_14-45-41-214-768x513.jpg?v=1721155806 768w, https:\/\/periodicolarepublica.com\/wp-content\/uploads\/2024\/07\/Picsart_24-07-16_14-45-41-214-1536x1027.jpg?v=1721155806 1536w, https:\/\/periodicolarepublica.com\/wp-content\/uploads\/2024\/07\/Picsart_24-07-16_14-45-41-214-2048x1369.jpg?v=1721155806 2048w, https:\/\/periodicolarepublica.com\/wp-content\/uploads\/2024\/07\/Picsart_24-07-16_14-45-41-214-150x100.jpg?v=1721155806 150w, https:\/\/periodicolarepublica.com\/wp-content\/uploads\/2024\/07\/Picsart_24-07-16_14-45-41-214-600x401.jpg?v=1721155806 600w, https:\/\/periodicolarepublica.com\/wp-content\/uploads\/2024\/07\/Picsart_24-07-16_14-45-41-214-696x465.jpg?v=1721155806 696w, https:\/\/periodicolarepublica.com\/wp-content\/uploads\/2024\/07\/Picsart_24-07-16_14-45-41-214-1392x931.jpg?v=1721155806 1392w, https:\/\/periodicolarepublica.com\/wp-content\/uploads\/2024\/07\/Picsart_24-07-16_14-45-41-214-1068x714.jpg?v=1721155806 1068w, https:\/\/periodicolarepublica.com\/wp-content\/uploads\/2024\/07\/Picsart_24-07-16_14-45-41-214-1920x1284.jpg?v=1721155806 1920w\" sizes=\"auto, (max-width: 300px) 100vw, 300px\" \/><\/p>\n<p>Santo Domingo, DN \u2013 Dando fiel cumplimiento a sus promesas y tras el \u00e9xito obtenido por Pl\u00e1sticos por Juguetes, Carolina Mej\u00eda anunci\u00f3 que la Alcald\u00eda del Distrito Nacional llevar\u00e1 a cabo la primera edici\u00f3n de Pl\u00e1sticos por Escolares el domingo 11 de agosto, con la intenci\u00f3n de seguir aportando a la concientizaci\u00f3n ambiental.<\/p>\n<p>De esta manera, la alcaldesa Carolina Mej\u00eda busca llevar alegr\u00eda a los ni\u00f1os y a sus padres con \u00fatiles previo al inicio del a\u00f1o escolar, en un evento que educa sobre el reciclaje de forma divertida.<\/p>\n<p>La actividad se llevar\u00e1 a cabo en el Palacio Municipal, donde ese d\u00eda el intercambio estar\u00e1 disponible hasta agotar existencia.<\/p>\n<p>El pl\u00e1stico recolectado ser\u00e1 destinado a la Fundaci\u00f3n Botellas de Amor, la cual se encarga de transformar los residuos flexibles, entre otras cosas, en mobiliario urbano para los parques.<\/p>\n<p>C\u00f3mo participar<\/p>\n<p>A trav\u00e9s de un comunicado, la alcald\u00eda explic\u00f3 que los asistentes podr\u00e1n adquirir una mochila con \u00fatiles y una tableta por 500 botellitas pl\u00e1sticas. Mientras que una mochila llena de \u00fatiles podr\u00e1 ser canjeada por 300 botellitas. Ambas opciones van acompa\u00f1adas por un termo que mantiene la temperatura, con la finalidad de reducir el uso de las botellitas pl\u00e1sticas.<\/p>\n<p>Adem\u00e1s, el cabildo precis\u00f3 que las edades comprendidas para recibir los \u00fatiles ser\u00e1n de 5 a 18 a\u00f1os.<\/p>\n<p>Asimismo, se entregar\u00e1n hasta dos mochilas por cada c\u00e9dula del tutor que asista al canje. En ese sentido, el ADN aclar\u00f3 que es imprescindible presentar ese documento de identidad que confirme la residencia en el Distrito Nacional para los tutores poder participar en esta actividad.<\/p>\n<p>Pl\u00e1sticos por Juguetes<\/p>\n<p>Se trata de la continuaci\u00f3n del exitoso proyecto Pl\u00e1sticos por Juguetes, cuyas primeras cuatro ediciones sirvieron para colectar m\u00e1s de siete millones de botellitas pl\u00e1sticas.<\/p>\n<p>\u201cEste programa lanzado en el 2021 ha tenido mucho \u00e9xito y brinda la oportunidad a miles de residentes de los barrios del Distrito Nacional de obtener los juguetes para sus hijos a cambio de botellas pl\u00e1sticas\u201d, record\u00f3 Carolina Mej\u00eda.<\/p>\n<p>En la cuarta edici\u00f3n de Pl\u00e1sticos por Juguetes, realizada en enero de este a\u00f1o, se logr\u00f3 recolectar tres millones 40 mil 445 botellas, superando los 2.2 millones del a\u00f1o pasado.<\/p>\n","protected":false},"excerpt":{"rendered":"<p>Se han recolectado m\u00e1s de siete millones de botellitas en cuatro ediciones de Pl\u00e1sticos por Juguetes Santo Domingo, DN \u2013 Dando fiel cumplimiento a sus promesas y tras el \u00e9xito obtenido por Pl\u00e1sticos por Juguetes, Carolina Mej\u00eda anunci\u00f3 que la Alcald\u00eda del Distrito Nacional llevar\u00e1 a cabo la primera edici\u00f3n de Pl\u00e1sticos por Escolares el [&hellip;]<\/p>\n","protected":false},"author":6,"featured_media":1234,"comment_status":"open","ping_status":"open","sticky":false,"template":"","format":"standard","meta":{"om_disable_all_campaigns":false,"_monsterinsights_skip_tracking":false,"_monsterinsights_sitenote_active":false,"_monsterinsights_sitenote_note":"","_monsterinsights_sitenote_category":0,"footnotes":""},"categories":[1],"tags":[37,276],"class_list":{"0":"post-1233","1":"post","2":"type-post","3":"status-publish","4":"format-standard","5":"has-post-thumbnail","7":"category-nacionales","8":"tag-carolina-mejia","9":"tag-utiles-escolares"},"aioseo_notices":[],"_links":{"self":[{"href":"https:\/\/periodicolarepublica.com\/index.php\/wp-json\/wp\/v2\/posts\/1233","targetHints":{"allow":["GET"]}}],"collection":[{"href":"https:\/\/periodicolarepublica.com\/index.php\/wp-json\/wp\/v2\/posts"}],"about":[{"href":"https:\/\/periodicolarepublica.com\/index.php\/wp-json\/wp\/v2\/types\/post"}],"author":[{"embeddable":true,"href":"https:\/\/periodicolarepublica.com\/index.php\/wp-json\/wp\/v2\/users\/6"}],"replies":[{"embeddable":true,"href":"https:\/\/periodicolarepublica.com\/index.php\/wp-json\/wp\/v2\/comments?post=1233"}],"version-history":[{"count":1,"href":"https:\/\/periodicolarepublica.com\/index.php\/wp-json\/wp\/v2\/posts\/1233\/revisions"}],"predecessor-version":[{"id":1235,"href":"https:\/\/periodicolarepublica.com\/index.php\/wp-json\/wp\/v2\/posts\/1233\/revisions\/1235"}],"wp:featuredmedia":[{"embeddable":true,"href":"https:\/\/periodicolarepublica.com\/index.php\/wp-json\/wp\/v2\/media\/1234"}],"wp:attachment":[{"href":"https:\/\/periodicolarepublica.com\/index.php\/wp-json\/wp\/v2\/media?parent=1233"}],"wp:term":[{"taxonomy":"category","embeddable":true,"href":"https:\/\/periodicolarepublica.com\/index.php\/wp-json\/wp\/v2\/categories?post=1233"},{"taxonomy":"post_tag","embeddable":true,"href":"https:\/\/periodicolarepublica.com\/index.php\/wp-json\/wp\/v2\/tags?post=1233"}],"curies":[{"name":"wp","href":"https:\/\/api.w.org\/{rel}","templated":true}]}}