{"id":1238,"date":"2024-07-18T19:52:37","date_gmt":"2024-07-18T17:52:37","guid":{"rendered":"https:\/\/periodicolarepublica.com\/?p=1238"},"modified":"2024-07-18T19:52:37","modified_gmt":"2024-07-18T17:52:37","slug":"tomas-hernandez-alberto-expresa-fuerte-apoyo-a-las-reforma-constitucional-y-la-gestion-del-presidente-luis-abinader","status":"publish","type":"post","link":"https:\/\/periodicolarepublica.com\/index.php\/2024\/07\/18\/tomas-hernandez-alberto-expresa-fuerte-apoyo-a-las-reforma-constitucional-y-la-gestion-del-presidente-luis-abinader\/","title":{"rendered":"Tom\u00e1s Hern\u00e1ndez Alberto expresa fuerte apoyo a las Reforma Constitucional y la gesti\u00f3n del Presidente Luis Abinader"},"content":{"rendered":"\r\n<p><img loading=\"lazy\" decoding=\"async\" class=\"size-medium wp-image-1231 alignright\" src=\"https:\/\/periodicolarepublica.com\/wp-content\/uploads\/2024\/07\/IMG_20240716_081816-300x169.jpg\" alt=\"\" width=\"300\" height=\"169\" srcset=\"https:\/\/periodicolarepublica.com\/wp-content\/uploads\/2024\/07\/IMG_20240716_081816-300x169.jpg?v=1721132460 300w, https:\/\/periodicolarepublica.com\/wp-content\/uploads\/2024\/07\/IMG_20240716_081816-1024x576.jpg?v=1721132460 1024w, https:\/\/periodicolarepublica.com\/wp-content\/uploads\/2024\/07\/IMG_20240716_081816-768x432.jpg?v=1721132460 768w, https:\/\/periodicolarepublica.com\/wp-content\/uploads\/2024\/07\/IMG_20240716_081816-1536x864.jpg?v=1721132460 1536w, https:\/\/periodicolarepublica.com\/wp-content\/uploads\/2024\/07\/IMG_20240716_081816-150x84.jpg?v=1721132460 150w, https:\/\/periodicolarepublica.com\/wp-content\/uploads\/2024\/07\/IMG_20240716_081816-600x338.jpg?v=1721132460 600w, https:\/\/periodicolarepublica.com\/wp-content\/uploads\/2024\/07\/IMG_20240716_081816-696x392.jpg?v=1721132460 696w, https:\/\/periodicolarepublica.com\/wp-content\/uploads\/2024\/07\/IMG_20240716_081816-1392x783.jpg?v=1721132460 1392w, https:\/\/periodicolarepublica.com\/wp-content\/uploads\/2024\/07\/IMG_20240716_081816-1068x601.jpg?v=1721132460 1068w, https:\/\/periodicolarepublica.com\/wp-content\/uploads\/2024\/07\/IMG_20240716_081816.jpg?v=1721132460 1920w\" sizes=\"auto, (max-width: 300px) 100vw, 300px\" \/>Santo Domingo, Rep\u00fablica Dominicana, 18 de julio de 2024 &#8211; El ingeniero Tom\u00e1s Hern\u00e1ndez Alberto, destacada figura del sector pol\u00edtico dominicano, expres\u00f3 hoy su firme respaldo a las Reformas Constitucionales y dem\u00e1s iniciativas impulsadas por el Presidente Luis Abinader.<br \/><br \/>En declaraciones a la prensa, <br \/>Hern\u00e1ndez Alberto se\u00f1al\u00f3 que las Reforma Constitucional propuestas por el Gobierno \u00abson fundamentales para el bienestar de la naci\u00f3n dominicana y para fortalecer nuestra democracia y las instituciones\u00bb. <br \/><br \/>Asimismo, el ingeniero elogi\u00f3 la labor del Presidente Abinader, afirmando que ha liderado \u00abun gobierno transparente, limpio, honesto y capaz\u00bb, lo cual ha sido clave para el desarrollo y la estabilidad del pa\u00eds.<br \/><br \/>\u00abEl Presidente Abinader y su equipo han demostrado un compromiso inquebrantable con la honestidad, la eficiencia y la transparencia en la gesti\u00f3n p\u00fablica. Esto es precisamente lo que necesitaba nuestra naci\u00f3n para avanzar con firmeza hacia un futuro pr\u00f3spero\u00bb, expres\u00f3 Hern\u00e1ndez Alberto.<br \/><br \/>La nota de prensa destaca el respaldo de una importante figura empresarial a las iniciativas del Gobierno, lo cual fortalece el apoyo social y pol\u00edtico a las Reformas Constitucionales y la labor del Presidente Abinader.<\/p>\r\n","protected":false},"excerpt":{"rendered":"<p>Santo Domingo, Rep\u00fablica Dominicana, 18 de julio de 2024 &#8211; El ingeniero Tom\u00e1s Hern\u00e1ndez Alberto, destacada figura del sector pol\u00edtico dominicano, expres\u00f3 hoy su firme respaldo a las Reformas Constitucionales y dem\u00e1s iniciativas impulsadas por el Presidente Luis Abinader. En declaraciones a la prensa, Hern\u00e1ndez Alberto se\u00f1al\u00f3 que las Reforma Constitucional propuestas por el Gobierno [&hellip;]<\/p>\n","protected":false},"author":6,"featured_media":1231,"comment_status":"open","ping_status":"open","sticky":false,"template":"","format":"standard","meta":{"om_disable_all_campaigns":false,"_monsterinsights_skip_tracking":false,"_monsterinsights_sitenote_active":false,"_monsterinsights_sitenote_note":"","_monsterinsights_sitenote_category":0,"footnotes":""},"categories":[1],"tags":[163],"class_list":{"0":"post-1238","1":"post","2":"type-post","3":"status-publish","4":"format-standard","5":"has-post-thumbnail","7":"category-nacionales","8":"tag-tomas-hernandez-alberto"},"aioseo_notices":[],"_links":{"self":[{"href":"https:\/\/periodicolarepublica.com\/index.php\/wp-json\/wp\/v2\/posts\/1238","targetHints":{"allow":["GET"]}}],"collection":[{"href":"https:\/\/periodicolarepublica.com\/index.php\/wp-json\/wp\/v2\/posts"}],"about":[{"href":"https:\/\/periodicolarepublica.com\/index.php\/wp-json\/wp\/v2\/types\/post"}],"author":[{"embeddable":true,"href":"https:\/\/periodicolarepublica.com\/index.php\/wp-json\/wp\/v2\/users\/6"}],"replies":[{"embeddable":true,"href":"https:\/\/periodicolarepublica.com\/index.php\/wp-json\/wp\/v2\/comments?post=1238"}],"version-history":[{"count":2,"href":"https:\/\/periodicolarepublica.com\/index.php\/wp-json\/wp\/v2\/posts\/1238\/revisions"}],"predecessor-version":[{"id":1248,"href":"https:\/\/periodicolarepublica.com\/index.php\/wp-json\/wp\/v2\/posts\/1238\/revisions\/1248"}],"wp:featuredmedia":[{"embeddable":true,"href":"https:\/\/periodicolarepublica.com\/index.php\/wp-json\/wp\/v2\/media\/1231"}],"wp:attachment":[{"href":"https:\/\/periodicolarepublica.com\/index.php\/wp-json\/wp\/v2\/media?parent=1238"}],"wp:term":[{"taxonomy":"category","embeddable":true,"href":"https:\/\/periodicolarepublica.com\/index.php\/wp-json\/wp\/v2\/categories?post=1238"},{"taxonomy":"post_tag","embeddable":true,"href":"https:\/\/periodicolarepublica.com\/index.php\/wp-json\/wp\/v2\/tags?post=1238"}],"curies":[{"name":"wp","href":"https:\/\/api.w.org\/{rel}","templated":true}]}}