{"id":1243,"date":"2024-07-18T18:11:11","date_gmt":"2024-07-18T16:11:11","guid":{"rendered":"https:\/\/periodicolarepublica.com\/?p=1243"},"modified":"2024-07-18T18:11:11","modified_gmt":"2024-07-18T16:11:11","slug":"senado-reconoce-trayectorias-del-medico-jesus-feris-iglesias","status":"publish","type":"post","link":"https:\/\/periodicolarepublica.com\/index.php\/2024\/07\/18\/senado-reconoce-trayectorias-del-medico-jesus-feris-iglesias\/","title":{"rendered":"Senado reconoce trayectorias del m\u00e9dico Jes\u00fas Feris Iglesias"},"content":{"rendered":"<p>Fue reconocido junto al artista Marcos Caminero.<\/p>\n<p><img loading=\"lazy\" decoding=\"async\" class=\"alignnone size-medium wp-image-1244\" src=\"https:\/\/periodicolarepublica.com\/wp-content\/uploads\/2024\/07\/FOTO-4-300x200.jpg\" alt=\"\" width=\"300\" height=\"200\" srcset=\"https:\/\/periodicolarepublica.com\/wp-content\/uploads\/2024\/07\/FOTO-4-300x200.jpg?v=1721319019 300w, https:\/\/periodicolarepublica.com\/wp-content\/uploads\/2024\/07\/FOTO-4-1024x682.jpg?v=1721319019 1024w, https:\/\/periodicolarepublica.com\/wp-content\/uploads\/2024\/07\/FOTO-4-768x512.jpg?v=1721319019 768w, https:\/\/periodicolarepublica.com\/wp-content\/uploads\/2024\/07\/FOTO-4-1536x1023.jpg?v=1721319019 1536w, https:\/\/periodicolarepublica.com\/wp-content\/uploads\/2024\/07\/FOTO-4-150x100.jpg?v=1721319019 150w, https:\/\/periodicolarepublica.com\/wp-content\/uploads\/2024\/07\/FOTO-4-600x400.jpg?v=1721319019 600w, https:\/\/periodicolarepublica.com\/wp-content\/uploads\/2024\/07\/FOTO-4-696x464.jpg?v=1721319019 696w, https:\/\/periodicolarepublica.com\/wp-content\/uploads\/2024\/07\/FOTO-4-1392x927.jpg?v=1721319019 1392w, https:\/\/periodicolarepublica.com\/wp-content\/uploads\/2024\/07\/FOTO-4-1068x712.jpg?v=1721319019 1068w, https:\/\/periodicolarepublica.com\/wp-content\/uploads\/2024\/07\/FOTO-4.jpg?v=1721319019 1600w\" sizes=\"auto, (max-width: 300px) 100vw, 300px\" \/><\/p>\n<p>En un acto conjunto, el Senado de la Rep\u00fablica Dominicana reconoci\u00f3 al doctor Jes\u00fas Feris Iglesias, por su trayectoria acad\u00e9mica y profesional al servicio del Estado, y su dedicaci\u00f3n a la infectolog\u00eda pedi\u00e1trica en beneficio de la salud de los dominicanos; as\u00ed como tambi\u00e9n al cantante y compositor, Marcos Caminero, por sus aportes a la m\u00fasica y a la cultura nacional.<\/p>\n<p>El presidente del Senado, felicit\u00f3 y agradeci\u00f3 a los homenajeados por el servicio que han brindado al pa\u00eds y al mundo, tanto en la medicina preventiva como en el arte, estableciendo un legado intachable que servir\u00e1 de ejemplo para las presentes y futuras generaciones.<\/p>\n<p>\u201cMe siento orgulloso de ustedes, en el caso del doctor Jes\u00fas Feris Iglesias, que a trav\u00e9s de sus estudios e investigaciones en infectolog\u00eda ha formado grandes profesionales y salvado la vida de personas de todas las edades; y en el caso de Marcos Caminero, quien, mediante su m\u00fasica carnavalesca, ha llenado de alegr\u00eda al pueblo dominicano\u201d, expres\u00f3 De los Santos.<\/p>\n","protected":false},"excerpt":{"rendered":"<p>Fue reconocido junto al artista Marcos Caminero. En un acto conjunto, el Senado de la Rep\u00fablica Dominicana reconoci\u00f3 al doctor Jes\u00fas Feris Iglesias, por su trayectoria acad\u00e9mica y profesional al servicio del Estado, y su dedicaci\u00f3n a la infectolog\u00eda pedi\u00e1trica en beneficio de la salud de los dominicanos; as\u00ed como tambi\u00e9n al cantante y compositor, [&hellip;]<\/p>\n","protected":false},"author":6,"featured_media":1244,"comment_status":"open","ping_status":"open","sticky":false,"template":"","format":"standard","meta":{"om_disable_all_campaigns":false,"_monsterinsights_skip_tracking":false,"_monsterinsights_sitenote_active":false,"_monsterinsights_sitenote_note":"","_monsterinsights_sitenote_category":0,"footnotes":""},"categories":[1],"tags":[],"class_list":{"0":"post-1243","1":"post","2":"type-post","3":"status-publish","4":"format-standard","5":"has-post-thumbnail","7":"category-nacionales"},"aioseo_notices":[],"_links":{"self":[{"href":"https:\/\/periodicolarepublica.com\/index.php\/wp-json\/wp\/v2\/posts\/1243","targetHints":{"allow":["GET"]}}],"collection":[{"href":"https:\/\/periodicolarepublica.com\/index.php\/wp-json\/wp\/v2\/posts"}],"about":[{"href":"https:\/\/periodicolarepublica.com\/index.php\/wp-json\/wp\/v2\/types\/post"}],"author":[{"embeddable":true,"href":"https:\/\/periodicolarepublica.com\/index.php\/wp-json\/wp\/v2\/users\/6"}],"replies":[{"embeddable":true,"href":"https:\/\/periodicolarepublica.com\/index.php\/wp-json\/wp\/v2\/comments?post=1243"}],"version-history":[{"count":1,"href":"https:\/\/periodicolarepublica.com\/index.php\/wp-json\/wp\/v2\/posts\/1243\/revisions"}],"predecessor-version":[{"id":1245,"href":"https:\/\/periodicolarepublica.com\/index.php\/wp-json\/wp\/v2\/posts\/1243\/revisions\/1245"}],"wp:featuredmedia":[{"embeddable":true,"href":"https:\/\/periodicolarepublica.com\/index.php\/wp-json\/wp\/v2\/media\/1244"}],"wp:attachment":[{"href":"https:\/\/periodicolarepublica.com\/index.php\/wp-json\/wp\/v2\/media?parent=1243"}],"wp:term":[{"taxonomy":"category","embeddable":true,"href":"https:\/\/periodicolarepublica.com\/index.php\/wp-json\/wp\/v2\/categories?post=1243"},{"taxonomy":"post_tag","embeddable":true,"href":"https:\/\/periodicolarepublica.com\/index.php\/wp-json\/wp\/v2\/tags?post=1243"}],"curies":[{"name":"wp","href":"https:\/\/api.w.org\/{rel}","templated":true}]}}