{"id":1253,"date":"2024-07-19T04:29:35","date_gmt":"2024-07-19T02:29:35","guid":{"rendered":"https:\/\/periodicolarepublica.com\/?p=1253"},"modified":"2024-07-19T04:31:03","modified_gmt":"2024-07-19T02:31:03","slug":"bartolome-pujals-entre-funcionarios-mas-valorados-en-sondeo","status":"publish","type":"post","link":"https:\/\/periodicolarepublica.com\/index.php\/2024\/07\/19\/bartolome-pujals-entre-funcionarios-mas-valorados-en-sondeo\/","title":{"rendered":"Bartolom\u00e9 Pujals entre funcionarios mas valorados"},"content":{"rendered":"<p style=\"text-align: left;\">En un reciente sondeo realizado por el Colegio Dominicano de Periodistas, Bartolom\u00e9 Pujals se posiciona como uno de los funcionarios mejor valorados entre los directores de la Oficina Gubernamental de Tecnolog\u00edas de la Informaci\u00f3n y Comunicaci\u00f3n (OGTIC).<\/p>\n<p><img loading=\"lazy\" decoding=\"async\" class=\"alignnone size-medium wp-image-1254\" src=\"https:\/\/periodicolarepublica.com\/wp-content\/uploads\/2024\/07\/Picsart_24-07-18_22-22-01-945-300x198.jpg\" alt=\"\" width=\"300\" height=\"198\" srcset=\"https:\/\/periodicolarepublica.com\/wp-content\/uploads\/2024\/07\/Picsart_24-07-18_22-22-01-945-300x198.jpg?v=1721355891 300w, https:\/\/periodicolarepublica.com\/wp-content\/uploads\/2024\/07\/Picsart_24-07-18_22-22-01-945-1024x675.jpg?v=1721355891 1024w, https:\/\/periodicolarepublica.com\/wp-content\/uploads\/2024\/07\/Picsart_24-07-18_22-22-01-945-768x506.jpg?v=1721355891 768w, https:\/\/periodicolarepublica.com\/wp-content\/uploads\/2024\/07\/Picsart_24-07-18_22-22-01-945-1536x1012.jpg?v=1721355891 1536w, https:\/\/periodicolarepublica.com\/wp-content\/uploads\/2024\/07\/Picsart_24-07-18_22-22-01-945-2048x1349.jpg?v=1721355891 2048w, https:\/\/periodicolarepublica.com\/wp-content\/uploads\/2024\/07\/Picsart_24-07-18_22-22-01-945-150x99.jpg?v=1721355891 150w, https:\/\/periodicolarepublica.com\/wp-content\/uploads\/2024\/07\/Picsart_24-07-18_22-22-01-945-600x395.jpg?v=1721355891 600w, https:\/\/periodicolarepublica.com\/wp-content\/uploads\/2024\/07\/Picsart_24-07-18_22-22-01-945-696x459.jpg?v=1721355891 696w, https:\/\/periodicolarepublica.com\/wp-content\/uploads\/2024\/07\/Picsart_24-07-18_22-22-01-945-1392x917.jpg?v=1721355891 1392w, https:\/\/periodicolarepublica.com\/wp-content\/uploads\/2024\/07\/Picsart_24-07-18_22-22-01-945-1068x704.jpg?v=1721355891 1068w, https:\/\/periodicolarepublica.com\/wp-content\/uploads\/2024\/07\/Picsart_24-07-18_22-22-01-945-1920x1265.jpg?v=1721355891 1920w\" sizes=\"auto, (max-width: 300px) 100vw, 300px\" \/><\/p>\n<p>Pujals, quien ha desempe\u00f1ado un papel fundamental en el impulso de pol\u00edticas de tecnolog\u00eda y comunicaci\u00f3n en el gobierno, ha sido reconocido por su capacidad de liderazgo y su compromiso con la innovaci\u00f3n en el sector p\u00fablico.<\/p>\n<p>Su gesti\u00f3n al frente de la OGTIC ha sido destacada por su enfoque en la modernizaci\u00f3n de los procesos administrativos y en la mejora de la accesibilidad de los servicios digitales para los ciudadanos.<\/p>\n<p>Adem\u00e1s, Pujals ha sido el art\u00edfice de importantes iniciativas de transformaci\u00f3n digital que han contribuido al desarrollo y la competitividad del pa\u00eds en la era digital.<\/p>\n<p>Sin duda, la labor de Bartolom\u00e9 Pujals como director de la OGTIC ha sido fundamental para el avance de la tecnolog\u00eda en la Administraci\u00f3n P\u00fablica y su reconocimiento en este sondeo lo confirma como uno de los funcionarios mejor valorados en su \u00e1mbito.<\/p>\n","protected":false},"excerpt":{"rendered":"<p>En un reciente sondeo realizado por el Colegio Dominicano de Periodistas, Bartolom\u00e9 Pujals se posiciona como uno de los funcionarios mejor valorados entre los directores de la Oficina Gubernamental de Tecnolog\u00edas de la Informaci\u00f3n y Comunicaci\u00f3n (OGTIC). Pujals, quien ha desempe\u00f1ado un papel fundamental en el impulso de pol\u00edticas de tecnolog\u00eda y comunicaci\u00f3n en el [&hellip;]<\/p>\n","protected":false},"author":1,"featured_media":1254,"comment_status":"open","ping_status":"open","sticky":false,"template":"","format":"standard","meta":{"om_disable_all_campaigns":false,"_monsterinsights_skip_tracking":false,"_monsterinsights_sitenote_active":false,"_monsterinsights_sitenote_note":"","_monsterinsights_sitenote_category":0,"footnotes":""},"categories":[1],"tags":[234],"class_list":{"0":"post-1253","1":"post","2":"type-post","3":"status-publish","4":"format-standard","5":"has-post-thumbnail","7":"category-nacionales","8":"tag-bartolome-pujals"},"aioseo_notices":[],"_links":{"self":[{"href":"https:\/\/periodicolarepublica.com\/index.php\/wp-json\/wp\/v2\/posts\/1253","targetHints":{"allow":["GET"]}}],"collection":[{"href":"https:\/\/periodicolarepublica.com\/index.php\/wp-json\/wp\/v2\/posts"}],"about":[{"href":"https:\/\/periodicolarepublica.com\/index.php\/wp-json\/wp\/v2\/types\/post"}],"author":[{"embeddable":true,"href":"https:\/\/periodicolarepublica.com\/index.php\/wp-json\/wp\/v2\/users\/1"}],"replies":[{"embeddable":true,"href":"https:\/\/periodicolarepublica.com\/index.php\/wp-json\/wp\/v2\/comments?post=1253"}],"version-history":[{"count":2,"href":"https:\/\/periodicolarepublica.com\/index.php\/wp-json\/wp\/v2\/posts\/1253\/revisions"}],"predecessor-version":[{"id":1256,"href":"https:\/\/periodicolarepublica.com\/index.php\/wp-json\/wp\/v2\/posts\/1253\/revisions\/1256"}],"wp:featuredmedia":[{"embeddable":true,"href":"https:\/\/periodicolarepublica.com\/index.php\/wp-json\/wp\/v2\/media\/1254"}],"wp:attachment":[{"href":"https:\/\/periodicolarepublica.com\/index.php\/wp-json\/wp\/v2\/media?parent=1253"}],"wp:term":[{"taxonomy":"category","embeddable":true,"href":"https:\/\/periodicolarepublica.com\/index.php\/wp-json\/wp\/v2\/categories?post=1253"},{"taxonomy":"post_tag","embeddable":true,"href":"https:\/\/periodicolarepublica.com\/index.php\/wp-json\/wp\/v2\/tags?post=1253"}],"curies":[{"name":"wp","href":"https:\/\/api.w.org\/{rel}","templated":true}]}}